{"id":5086,"date":"2025-12-08T22:28:19","date_gmt":"2025-12-08T21:28:19","guid":{"rendered":"https:\/\/tiarvro-bro-gwened.bzh\/?post_type=news_bretagne&#038;p=5086"},"modified":"2025-12-08T22:28:19","modified_gmt":"2025-12-08T21:28:19","slug":"dalchiou-breiz-daet-dimbroudin-en-dro-modou-sonin-breizh","status":"publish","type":"news_bretagne","link":"https:\/\/tiarvro-bro-gwened.bzh\/br\/news_bretagne\/dalchiou-breiz-daet-dimbroudin-en-dro-modou-sonin-breizh\/","title":{"rendered":"Dalc&#8217;hiou Breiz &#8211; Daet d&#8217;imbroudi\u00f1 en-dro modo\u00f9-soni\u00f1 Breizh !"},"content":{"rendered":"<p>Bep yaou 12:30-13:30.<\/p>\n<p>Laorans Brisson 06 72 12 33 92<\/p>\n<p>Pierre Genty pierre.genty@tiarvro-bro-gwened.bzh<\/p>\n<p>https:\/\/plectra.ovh\/sessions.html<\/p>\n","protected":false},"excerpt":{"rendered":"<p>Bep yaou 12:30-13:30. Laorans Brisson 06 72 12 33 92 Pierre Genty pierre.genty@tiarvro-bro-gwened.bzh https:\/\/plectra.ovh\/sessions.html<\/p>\n","protected":false},"featured_media":5075,"template":"","class_list":["post-5086","news_bretagne","type-news_bretagne","status-publish","has-post-thumbnail","hentry"],"acf":[],"yoast_head":"<!-- This site is optimized with the Yoast SEO plugin v26.9 - https:\/\/yoast.com\/product\/yoast-seo-wordpress\/ -->\n<title>Dalc&#039;hiou Breiz - Daet d&#039;imbroudi\u00f1 en-dro modo\u00f9-soni\u00f1 Breizh ! - Ti ar Vro Bro Gwened<\/title>\n<meta name=\"description\" content=\"Trouvez des activit\u00e9s li\u00e9es \u00e0 la culture bretonne dans le Pays de Vannes: cours, conf\u00e9rences, concerts, expositions, d\u00e9couvertes...\" \/>\n<meta name=\"robots\" content=\"index, follow, max-snippet:-1, max-image-preview:large, max-video-preview:-1\" \/>\n<link rel=\"canonical\" href=\"https:\/\/tiarvro-bro-gwened.bzh\/br\/news_bretagne\/dalchiou-breiz-daet-dimbroudin-en-dro-modou-sonin-breizh\/\" \/>\n<meta property=\"og:locale\" content=\"en_US\" \/>\n<meta property=\"og:type\" content=\"article\" \/>\n<meta property=\"og:title\" content=\"Dalc&#039;hiou Breiz - Daet d&#039;imbroudi\u00f1 en-dro modo\u00f9-soni\u00f1 Breizh ! - Ti ar Vro Bro Gwened\" \/>\n<meta property=\"og:description\" content=\"Trouvez des activit\u00e9s li\u00e9es \u00e0 la culture bretonne dans le Pays de Vannes: cours, conf\u00e9rences, concerts, expositions, d\u00e9couvertes...\" \/>\n<meta property=\"og:url\" content=\"https:\/\/tiarvro-bro-gwened.bzh\/br\/news_bretagne\/dalchiou-breiz-daet-dimbroudin-en-dro-modou-sonin-breizh\/\" \/>\n<meta property=\"og:site_name\" content=\"Ti ar Vro Bro Gwened\" \/>\n<meta property=\"og:image\" content=\"https:\/\/tiarvro-bro-gwened.bzh\/wp-content\/uploads\/2025\/12\/final-683x1024.png\" \/>\n\t<meta property=\"og:image:width\" content=\"683\" \/>\n\t<meta property=\"og:image:height\" content=\"1024\" \/>\n\t<meta property=\"og:image:type\" content=\"image\/png\" \/>\n<meta name=\"twitter:card\" content=\"summary_large_image\" \/>\n<meta name=\"twitter:label1\" content=\"Est. reading time\" \/>\n\t<meta name=\"twitter:data1\" content=\"1 minute\" \/>\n<script type=\"application\/ld+json\" class=\"yoast-schema-graph\">{\"@context\":\"https:\/\/schema.org\",\"@graph\":[{\"@type\":\"WebPage\",\"@id\":\"https:\/\/tiarvro-bro-gwened.bzh\/br\/news_bretagne\/dalchiou-breiz-daet-dimbroudin-en-dro-modou-sonin-breizh\/\",\"url\":\"https:\/\/tiarvro-bro-gwened.bzh\/br\/news_bretagne\/dalchiou-breiz-daet-dimbroudin-en-dro-modou-sonin-breizh\/\",\"name\":\"Dalc'hiou Breiz - Daet d'imbroudi\u00f1 en-dro modo\u00f9-soni\u00f1 Breizh ! - Ti ar Vro Bro Gwened\",\"isPartOf\":{\"@id\":\"https:\/\/tiarvro-bro-gwened.bzh\/br\/#website\"},\"primaryImageOfPage\":{\"@id\":\"https:\/\/tiarvro-bro-gwened.bzh\/br\/news_bretagne\/dalchiou-breiz-daet-dimbroudin-en-dro-modou-sonin-breizh\/#primaryimage\"},\"image\":{\"@id\":\"https:\/\/tiarvro-bro-gwened.bzh\/br\/news_bretagne\/dalchiou-breiz-daet-dimbroudin-en-dro-modou-sonin-breizh\/#primaryimage\"},\"thumbnailUrl\":\"https:\/\/tiarvro-bro-gwened.bzh\/wp-content\/uploads\/2025\/12\/final.png\",\"datePublished\":\"2025-12-08T21:28:19+00:00\",\"description\":\"Trouvez des activit\u00e9s li\u00e9es \u00e0 la culture bretonne dans le Pays de Vannes: cours, conf\u00e9rences, concerts, expositions, d\u00e9couvertes...\",\"breadcrumb\":{\"@id\":\"https:\/\/tiarvro-bro-gwened.bzh\/br\/news_bretagne\/dalchiou-breiz-daet-dimbroudin-en-dro-modou-sonin-breizh\/#breadcrumb\"},\"inLanguage\":\"br-\",\"potentialAction\":[{\"@type\":\"ReadAction\",\"target\":[\"https:\/\/tiarvro-bro-gwened.bzh\/br\/news_bretagne\/dalchiou-breiz-daet-dimbroudin-en-dro-modou-sonin-breizh\/\"]}]},{\"@type\":\"ImageObject\",\"inLanguage\":\"br-\",\"@id\":\"https:\/\/tiarvro-bro-gwened.bzh\/br\/news_bretagne\/dalchiou-breiz-daet-dimbroudin-en-dro-modou-sonin-breizh\/#primaryimage\",\"url\":\"https:\/\/tiarvro-bro-gwened.bzh\/wp-content\/uploads\/2025\/12\/final.png\",\"contentUrl\":\"https:\/\/tiarvro-bro-gwened.bzh\/wp-content\/uploads\/2025\/12\/final.png\",\"width\":1024,\"height\":1536},{\"@type\":\"BreadcrumbList\",\"@id\":\"https:\/\/tiarvro-bro-gwened.bzh\/br\/news_bretagne\/dalchiou-breiz-daet-dimbroudin-en-dro-modou-sonin-breizh\/#breadcrumb\",\"itemListElement\":[{\"@type\":\"ListItem\",\"position\":1,\"name\":\"Degemer\",\"item\":\"https:\/\/tiarvro-bro-gwened.bzh\/br\/\"},{\"@type\":\"ListItem\",\"position\":2,\"name\":\"Keleier\",\"item\":\"https:\/\/tiarvro-bro-gwened.bzh\/br\/news_bretagne\/\"},{\"@type\":\"ListItem\",\"position\":3,\"name\":\"Dalc&rsquo;hiou Breiz &#8211; Daet d&rsquo;imbroudi\u00f1 en-dro modo\u00f9-soni\u00f1 Breizh !\"}]},{\"@type\":\"WebSite\",\"@id\":\"https:\/\/tiarvro-bro-gwened.bzh\/br\/#website\",\"url\":\"https:\/\/tiarvro-bro-gwened.bzh\/br\/\",\"name\":\"Ti ar Vro Bro Gwened\",\"description\":\"Entente du Pays de Vannes\",\"publisher\":{\"@id\":\"https:\/\/tiarvro-bro-gwened.bzh\/br\/#organization\"},\"potentialAction\":[{\"@type\":\"SearchAction\",\"target\":{\"@type\":\"EntryPoint\",\"urlTemplate\":\"https:\/\/tiarvro-bro-gwened.bzh\/br\/?s={search_term_string}\"},\"query-input\":{\"@type\":\"PropertyValueSpecification\",\"valueRequired\":true,\"valueName\":\"search_term_string\"}}],\"inLanguage\":\"br-\"},{\"@type\":\"Organization\",\"@id\":\"https:\/\/tiarvro-bro-gwened.bzh\/br\/#organization\",\"name\":\"Ti ar Vro Bro Gwened\",\"url\":\"https:\/\/tiarvro-bro-gwened.bzh\/br\/\",\"logo\":{\"@type\":\"ImageObject\",\"inLanguage\":\"br-\",\"@id\":\"https:\/\/tiarvro-bro-gwened.bzh\/br\/#\/schema\/logo\/image\/\",\"url\":\"https:\/\/tiarvro-bro-gwened.bzh\/wp-content\/uploads\/2020\/04\/cropped-LOGO-COULEUR-0200.png\",\"contentUrl\":\"https:\/\/tiarvro-bro-gwened.bzh\/wp-content\/uploads\/2020\/04\/cropped-LOGO-COULEUR-0200.png\",\"width\":199,\"height\":99,\"caption\":\"Ti ar Vro Bro Gwened\"},\"image\":{\"@id\":\"https:\/\/tiarvro-bro-gwened.bzh\/br\/#\/schema\/logo\/image\/\"}}]}<\/script>\n<!-- \/ Yoast SEO plugin. -->","yoast_head_json":{"title":"Dalc'hiou Breiz - Daet d'imbroudi\u00f1 en-dro modo\u00f9-soni\u00f1 Breizh ! - Ti ar Vro Bro Gwened","description":"Trouvez des activit\u00e9s li\u00e9es \u00e0 la culture bretonne dans le Pays de Vannes: cours, conf\u00e9rences, concerts, expositions, d\u00e9couvertes...","robots":{"index":"index","follow":"follow","max-snippet":"max-snippet:-1","max-image-preview":"max-image-preview:large","max-video-preview":"max-video-preview:-1"},"canonical":"https:\/\/tiarvro-bro-gwened.bzh\/br\/news_bretagne\/dalchiou-breiz-daet-dimbroudin-en-dro-modou-sonin-breizh\/","og_locale":"en_US","og_type":"article","og_title":"Dalc'hiou Breiz - Daet d'imbroudi\u00f1 en-dro modo\u00f9-soni\u00f1 Breizh ! - Ti ar Vro Bro Gwened","og_description":"Trouvez des activit\u00e9s li\u00e9es \u00e0 la culture bretonne dans le Pays de Vannes: cours, conf\u00e9rences, concerts, expositions, d\u00e9couvertes...","og_url":"https:\/\/tiarvro-bro-gwened.bzh\/br\/news_bretagne\/dalchiou-breiz-daet-dimbroudin-en-dro-modou-sonin-breizh\/","og_site_name":"Ti ar Vro Bro Gwened","og_image":[{"width":683,"height":1024,"url":"https:\/\/tiarvro-bro-gwened.bzh\/wp-content\/uploads\/2025\/12\/final-683x1024.png","type":"image\/png"}],"twitter_card":"summary_large_image","twitter_misc":{"Est. reading time":"1 minute"},"schema":{"@context":"https:\/\/schema.org","@graph":[{"@type":"WebPage","@id":"https:\/\/tiarvro-bro-gwened.bzh\/br\/news_bretagne\/dalchiou-breiz-daet-dimbroudin-en-dro-modou-sonin-breizh\/","url":"https:\/\/tiarvro-bro-gwened.bzh\/br\/news_bretagne\/dalchiou-breiz-daet-dimbroudin-en-dro-modou-sonin-breizh\/","name":"Dalc'hiou Breiz - Daet d'imbroudi\u00f1 en-dro modo\u00f9-soni\u00f1 Breizh ! - Ti ar Vro Bro Gwened","isPartOf":{"@id":"https:\/\/tiarvro-bro-gwened.bzh\/br\/#website"},"primaryImageOfPage":{"@id":"https:\/\/tiarvro-bro-gwened.bzh\/br\/news_bretagne\/dalchiou-breiz-daet-dimbroudin-en-dro-modou-sonin-breizh\/#primaryimage"},"image":{"@id":"https:\/\/tiarvro-bro-gwened.bzh\/br\/news_bretagne\/dalchiou-breiz-daet-dimbroudin-en-dro-modou-sonin-breizh\/#primaryimage"},"thumbnailUrl":"https:\/\/tiarvro-bro-gwened.bzh\/wp-content\/uploads\/2025\/12\/final.png","datePublished":"2025-12-08T21:28:19+00:00","description":"Trouvez des activit\u00e9s li\u00e9es \u00e0 la culture bretonne dans le Pays de Vannes: cours, conf\u00e9rences, concerts, expositions, d\u00e9couvertes...","breadcrumb":{"@id":"https:\/\/tiarvro-bro-gwened.bzh\/br\/news_bretagne\/dalchiou-breiz-daet-dimbroudin-en-dro-modou-sonin-breizh\/#breadcrumb"},"inLanguage":"br-","potentialAction":[{"@type":"ReadAction","target":["https:\/\/tiarvro-bro-gwened.bzh\/br\/news_bretagne\/dalchiou-breiz-daet-dimbroudin-en-dro-modou-sonin-breizh\/"]}]},{"@type":"ImageObject","inLanguage":"br-","@id":"https:\/\/tiarvro-bro-gwened.bzh\/br\/news_bretagne\/dalchiou-breiz-daet-dimbroudin-en-dro-modou-sonin-breizh\/#primaryimage","url":"https:\/\/tiarvro-bro-gwened.bzh\/wp-content\/uploads\/2025\/12\/final.png","contentUrl":"https:\/\/tiarvro-bro-gwened.bzh\/wp-content\/uploads\/2025\/12\/final.png","width":1024,"height":1536},{"@type":"BreadcrumbList","@id":"https:\/\/tiarvro-bro-gwened.bzh\/br\/news_bretagne\/dalchiou-breiz-daet-dimbroudin-en-dro-modou-sonin-breizh\/#breadcrumb","itemListElement":[{"@type":"ListItem","position":1,"name":"Degemer","item":"https:\/\/tiarvro-bro-gwened.bzh\/br\/"},{"@type":"ListItem","position":2,"name":"Keleier","item":"https:\/\/tiarvro-bro-gwened.bzh\/br\/news_bretagne\/"},{"@type":"ListItem","position":3,"name":"Dalc&rsquo;hiou Breiz &#8211; Daet d&rsquo;imbroudi\u00f1 en-dro modo\u00f9-soni\u00f1 Breizh !"}]},{"@type":"WebSite","@id":"https:\/\/tiarvro-bro-gwened.bzh\/br\/#website","url":"https:\/\/tiarvro-bro-gwened.bzh\/br\/","name":"Ti ar Vro Bro Gwened","description":"Entente du Pays de Vannes","publisher":{"@id":"https:\/\/tiarvro-bro-gwened.bzh\/br\/#organization"},"potentialAction":[{"@type":"SearchAction","target":{"@type":"EntryPoint","urlTemplate":"https:\/\/tiarvro-bro-gwened.bzh\/br\/?s={search_term_string}"},"query-input":{"@type":"PropertyValueSpecification","valueRequired":true,"valueName":"search_term_string"}}],"inLanguage":"br-"},{"@type":"Organization","@id":"https:\/\/tiarvro-bro-gwened.bzh\/br\/#organization","name":"Ti ar Vro Bro Gwened","url":"https:\/\/tiarvro-bro-gwened.bzh\/br\/","logo":{"@type":"ImageObject","inLanguage":"br-","@id":"https:\/\/tiarvro-bro-gwened.bzh\/br\/#\/schema\/logo\/image\/","url":"https:\/\/tiarvro-bro-gwened.bzh\/wp-content\/uploads\/2020\/04\/cropped-LOGO-COULEUR-0200.png","contentUrl":"https:\/\/tiarvro-bro-gwened.bzh\/wp-content\/uploads\/2020\/04\/cropped-LOGO-COULEUR-0200.png","width":199,"height":99,"caption":"Ti ar Vro Bro Gwened"},"image":{"@id":"https:\/\/tiarvro-bro-gwened.bzh\/br\/#\/schema\/logo\/image\/"}}]}},"_links":{"self":[{"href":"https:\/\/tiarvro-bro-gwened.bzh\/br\/wp-json\/wp\/v2\/news_bretagne\/5086","targetHints":{"allow":["GET"]}}],"collection":[{"href":"https:\/\/tiarvro-bro-gwened.bzh\/br\/wp-json\/wp\/v2\/news_bretagne"}],"about":[{"href":"https:\/\/tiarvro-bro-gwened.bzh\/br\/wp-json\/wp\/v2\/types\/news_bretagne"}],"wp:featuredmedia":[{"embeddable":true,"href":"https:\/\/tiarvro-bro-gwened.bzh\/br\/wp-json\/wp\/v2\/media\/5075"}],"wp:attachment":[{"href":"https:\/\/tiarvro-bro-gwened.bzh\/br\/wp-json\/wp\/v2\/media?parent=5086"}],"curies":[{"name":"wp","href":"https:\/\/api.w.org\/{rel}","templated":true}]}}