{"id":4160,"date":"2021-06-09T15:25:44","date_gmt":"2021-06-09T13:25:44","guid":{"rendered":"https:\/\/tiarvro-bro-gwened.bzh\/news_bretagne\/ar-brezhoneg-dindan-840e\/"},"modified":"2021-06-09T15:25:44","modified_gmt":"2021-06-09T13:25:44","slug":"ar-brezhoneg-dindan-840e","status":"publish","type":"news_bretagne","link":"https:\/\/tiarvro-bro-gwened.bzh\/br\/news_bretagne\/ar-brezhoneg-dindan-840e\/","title":{"rendered":"AR BREZHONEG DINDAN 840E !"},"content":{"rendered":"<p><img fetchpriority=\"high\" decoding=\"async\" class=\"aligncenter wp-image-4158 size-full\" src=\"https:\/\/tiarvro-bro-gwened.bzh\/wp-content\/uploads\/2021\/06\/stumdi.png\" alt=\"\" width=\"726\" height=\"272\" srcset=\"https:\/\/tiarvro-bro-gwened.bzh\/wp-content\/uploads\/2021\/06\/stumdi.png 726w, https:\/\/tiarvro-bro-gwened.bzh\/wp-content\/uploads\/2021\/06\/stumdi-300x112.png 300w\" sizes=\"(max-width: 726px) 100vw, 726px\" \/><\/p>\n<p>Kinniget e vo gant aozadur-stumma\u00f1 Stumdi meur a <strong>brantad stumma\u00f1<\/strong> evit respont da ezhommo\u00f9 stumma\u00f1 an deskidi a zo o fal mestronia\u00f1 ar yezh.<\/p>\n<p><strong>Plaso\u00f9 a chom c\u2019hoazh evit ar stummadur evit an deraouidi \u00ab Ar brezhoneg dindan 840e ! \u00bb<\/strong> a vo kinniget adal Miz Gwengolo 2021. Ar stummadur-ma\u00f1 a zo ur stummadur <strong>micherelaat ha diplomus<\/strong> (DBY \u2013 Diplom Barregezh war ar Yezh).<\/p>\n<ul>\n<li><a href=\"https:\/\/stumdi.bzh\/apprendre-le-breton\/formations-continues-pour-debutant\/\"><strong>AR BREZHONEG DINDAN 840E !<\/strong><\/a><\/li>\n<\/ul>\n<p><strong>PRANTAD O TONT : 09\/09\/2021\u219225\/03\/2022. <\/strong>(Eil prantad : Genver \u2192 Gouere 2022)<\/p>\n<p>Kinniget e vez ar stummadur-ma\u00f1 war 7 lec\u2019h war 3 departamant : Aodo\u00f9-an-Arvor, Penn-ar-Bed ha Morbihan.<\/p>\n<p>ARADON, BREST, GWENGAMP, LANDERNE, PLA\u00d1VOUR, SANT-BRIEG ha <strong>GWENED <\/strong><em>(diouzh an niver a enskrivadurio\u00f9).<\/em><\/p>\n<p>Ur <a href=\"https:\/\/stumdi.bzh\/travailler-en-breton\/le-service-daccompagnement\/\">servij he\u00f1cha\u00f1<\/a> a vez kinniget evit sikour ar stajidi o deus c\u2019hoant da wellaat o doareo\u00f9 da glask posto\u00f9-labour divyezhek e-pad ha goude ar stummadur hir.<\/p>\n<p>Aozadur stumma\u00f1 grataet, ar stummadurio\u00f9 a c\u2019hell beza\u00f1 kemeret e karg e meur a zoare. Publik : tud dilabour, implijidi hag hinienno\u00f9.<\/p>\n<p>\u2192 <a href=\"https:\/\/stumdi.bzh\/apprendre-le-breton\/financement-et-prise-en-charge\/\">Arc\u2019hantaoui\u00f1 ar stummadurio\u00f9<\/a><\/p>\n<p style=\"text-align: center;\"><strong>Deuit e darempred ganeomp evit kaout muioc\u2019h a ditouro\u00f9 :<\/strong><\/p>\n<p style=\"text-align: center;\"><strong> 02 98 21 39 94 \/ contact@stumdi.bzh \/ <\/strong><a href=\"http:\/\/www.stumdi.bzh\"><strong>www.stumdi.bzh<\/strong><\/a><\/p>\n","protected":false},"excerpt":{"rendered":"<p>Kinniget e vo gant aozadur-stumma\u00f1 Stumdi meur a brantad stumma\u00f1 &#8230;<\/p>\n","protected":false},"featured_media":4161,"template":"","class_list":["post-4160","news_bretagne","type-news_bretagne","status-publish","has-post-thumbnail","hentry"],"acf":[],"yoast_head":"<!-- This site is optimized with the Yoast SEO plugin v26.9 - https:\/\/yoast.com\/product\/yoast-seo-wordpress\/ -->\n<title>AR BREZHONEG DINDAN 840E ! - Ti ar Vro Bro Gwened<\/title>\n<meta name=\"description\" content=\"Trouvez des activit\u00e9s li\u00e9es \u00e0 la culture bretonne dans le Pays de Vannes: cours, conf\u00e9rences, concerts, expositions, d\u00e9couvertes...\" \/>\n<meta name=\"robots\" content=\"index, follow, max-snippet:-1, max-image-preview:large, max-video-preview:-1\" \/>\n<link rel=\"canonical\" href=\"https:\/\/tiarvro-bro-gwened.bzh\/br\/news_bretagne\/ar-brezhoneg-dindan-840e\/\" \/>\n<meta property=\"og:locale\" content=\"en_US\" \/>\n<meta property=\"og:type\" content=\"article\" \/>\n<meta property=\"og:title\" content=\"AR BREZHONEG DINDAN 840E ! - Ti ar Vro Bro Gwened\" \/>\n<meta property=\"og:description\" content=\"Trouvez des activit\u00e9s li\u00e9es \u00e0 la culture bretonne dans le Pays de Vannes: cours, conf\u00e9rences, concerts, expositions, d\u00e9couvertes...\" \/>\n<meta property=\"og:url\" content=\"https:\/\/tiarvro-bro-gwened.bzh\/br\/news_bretagne\/ar-brezhoneg-dindan-840e\/\" \/>\n<meta property=\"og:site_name\" content=\"Ti ar Vro Bro Gwened\" \/>\n<meta property=\"og:image\" content=\"https:\/\/tiarvro-bro-gwened.bzh\/wp-content\/uploads\/2020\/06\/STUMDI.jpg\" \/>\n\t<meta property=\"og:image:width\" content=\"500\" \/>\n\t<meta property=\"og:image:height\" content=\"500\" \/>\n\t<meta property=\"og:image:type\" content=\"image\/jpeg\" \/>\n<meta name=\"twitter:card\" content=\"summary_large_image\" \/>\n<meta name=\"twitter:label1\" content=\"Est. reading time\" \/>\n\t<meta name=\"twitter:data1\" content=\"1 minute\" \/>\n<script type=\"application\/ld+json\" class=\"yoast-schema-graph\">{\"@context\":\"https:\/\/schema.org\",\"@graph\":[{\"@type\":\"WebPage\",\"@id\":\"https:\/\/tiarvro-bro-gwened.bzh\/br\/news_bretagne\/ar-brezhoneg-dindan-840e\/\",\"url\":\"https:\/\/tiarvro-bro-gwened.bzh\/br\/news_bretagne\/ar-brezhoneg-dindan-840e\/\",\"name\":\"AR BREZHONEG DINDAN 840E ! - Ti ar Vro Bro Gwened\",\"isPartOf\":{\"@id\":\"https:\/\/tiarvro-bro-gwened.bzh\/br\/#website\"},\"primaryImageOfPage\":{\"@id\":\"https:\/\/tiarvro-bro-gwened.bzh\/br\/news_bretagne\/ar-brezhoneg-dindan-840e\/#primaryimage\"},\"image\":{\"@id\":\"https:\/\/tiarvro-bro-gwened.bzh\/br\/news_bretagne\/ar-brezhoneg-dindan-840e\/#primaryimage\"},\"thumbnailUrl\":\"https:\/\/tiarvro-bro-gwened.bzh\/wp-content\/uploads\/2020\/06\/STUMDI.jpg\",\"datePublished\":\"2021-06-09T13:25:44+00:00\",\"description\":\"Trouvez des activit\u00e9s li\u00e9es \u00e0 la culture bretonne dans le Pays de Vannes: cours, conf\u00e9rences, concerts, expositions, d\u00e9couvertes...\",\"breadcrumb\":{\"@id\":\"https:\/\/tiarvro-bro-gwened.bzh\/br\/news_bretagne\/ar-brezhoneg-dindan-840e\/#breadcrumb\"},\"inLanguage\":\"br-\",\"potentialAction\":[{\"@type\":\"ReadAction\",\"target\":[\"https:\/\/tiarvro-bro-gwened.bzh\/br\/news_bretagne\/ar-brezhoneg-dindan-840e\/\"]}]},{\"@type\":\"ImageObject\",\"inLanguage\":\"br-\",\"@id\":\"https:\/\/tiarvro-bro-gwened.bzh\/br\/news_bretagne\/ar-brezhoneg-dindan-840e\/#primaryimage\",\"url\":\"https:\/\/tiarvro-bro-gwened.bzh\/wp-content\/uploads\/2020\/06\/STUMDI.jpg\",\"contentUrl\":\"https:\/\/tiarvro-bro-gwened.bzh\/wp-content\/uploads\/2020\/06\/STUMDI.jpg\",\"width\":500,\"height\":500,\"caption\":\"Logo de STUMDI\"},{\"@type\":\"BreadcrumbList\",\"@id\":\"https:\/\/tiarvro-bro-gwened.bzh\/br\/news_bretagne\/ar-brezhoneg-dindan-840e\/#breadcrumb\",\"itemListElement\":[{\"@type\":\"ListItem\",\"position\":1,\"name\":\"Degemer\",\"item\":\"https:\/\/tiarvro-bro-gwened.bzh\/br\/\"},{\"@type\":\"ListItem\",\"position\":2,\"name\":\"Keleier\",\"item\":\"https:\/\/tiarvro-bro-gwened.bzh\/br\/news_bretagne\/\"},{\"@type\":\"ListItem\",\"position\":3,\"name\":\"AR BREZHONEG DINDAN 840E !\"}]},{\"@type\":\"WebSite\",\"@id\":\"https:\/\/tiarvro-bro-gwened.bzh\/br\/#website\",\"url\":\"https:\/\/tiarvro-bro-gwened.bzh\/br\/\",\"name\":\"Ti ar Vro Bro Gwened\",\"description\":\"Entente du Pays de Vannes\",\"publisher\":{\"@id\":\"https:\/\/tiarvro-bro-gwened.bzh\/br\/#organization\"},\"potentialAction\":[{\"@type\":\"SearchAction\",\"target\":{\"@type\":\"EntryPoint\",\"urlTemplate\":\"https:\/\/tiarvro-bro-gwened.bzh\/br\/?s={search_term_string}\"},\"query-input\":{\"@type\":\"PropertyValueSpecification\",\"valueRequired\":true,\"valueName\":\"search_term_string\"}}],\"inLanguage\":\"br-\"},{\"@type\":\"Organization\",\"@id\":\"https:\/\/tiarvro-bro-gwened.bzh\/br\/#organization\",\"name\":\"Ti ar Vro Bro Gwened\",\"url\":\"https:\/\/tiarvro-bro-gwened.bzh\/br\/\",\"logo\":{\"@type\":\"ImageObject\",\"inLanguage\":\"br-\",\"@id\":\"https:\/\/tiarvro-bro-gwened.bzh\/br\/#\/schema\/logo\/image\/\",\"url\":\"https:\/\/tiarvro-bro-gwened.bzh\/wp-content\/uploads\/2020\/04\/cropped-LOGO-COULEUR-0200.png\",\"contentUrl\":\"https:\/\/tiarvro-bro-gwened.bzh\/wp-content\/uploads\/2020\/04\/cropped-LOGO-COULEUR-0200.png\",\"width\":199,\"height\":99,\"caption\":\"Ti ar Vro Bro Gwened\"},\"image\":{\"@id\":\"https:\/\/tiarvro-bro-gwened.bzh\/br\/#\/schema\/logo\/image\/\"}}]}<\/script>\n<!-- \/ Yoast SEO plugin. -->","yoast_head_json":{"title":"AR BREZHONEG DINDAN 840E ! - Ti ar Vro Bro Gwened","description":"Trouvez des activit\u00e9s li\u00e9es \u00e0 la culture bretonne dans le Pays de Vannes: cours, conf\u00e9rences, concerts, expositions, d\u00e9couvertes...","robots":{"index":"index","follow":"follow","max-snippet":"max-snippet:-1","max-image-preview":"max-image-preview:large","max-video-preview":"max-video-preview:-1"},"canonical":"https:\/\/tiarvro-bro-gwened.bzh\/br\/news_bretagne\/ar-brezhoneg-dindan-840e\/","og_locale":"en_US","og_type":"article","og_title":"AR BREZHONEG DINDAN 840E ! - Ti ar Vro Bro Gwened","og_description":"Trouvez des activit\u00e9s li\u00e9es \u00e0 la culture bretonne dans le Pays de Vannes: cours, conf\u00e9rences, concerts, expositions, d\u00e9couvertes...","og_url":"https:\/\/tiarvro-bro-gwened.bzh\/br\/news_bretagne\/ar-brezhoneg-dindan-840e\/","og_site_name":"Ti ar Vro Bro Gwened","og_image":[{"width":500,"height":500,"url":"https:\/\/tiarvro-bro-gwened.bzh\/wp-content\/uploads\/2020\/06\/STUMDI.jpg","type":"image\/jpeg"}],"twitter_card":"summary_large_image","twitter_misc":{"Est. reading time":"1 minute"},"schema":{"@context":"https:\/\/schema.org","@graph":[{"@type":"WebPage","@id":"https:\/\/tiarvro-bro-gwened.bzh\/br\/news_bretagne\/ar-brezhoneg-dindan-840e\/","url":"https:\/\/tiarvro-bro-gwened.bzh\/br\/news_bretagne\/ar-brezhoneg-dindan-840e\/","name":"AR BREZHONEG DINDAN 840E ! - Ti ar Vro Bro Gwened","isPartOf":{"@id":"https:\/\/tiarvro-bro-gwened.bzh\/br\/#website"},"primaryImageOfPage":{"@id":"https:\/\/tiarvro-bro-gwened.bzh\/br\/news_bretagne\/ar-brezhoneg-dindan-840e\/#primaryimage"},"image":{"@id":"https:\/\/tiarvro-bro-gwened.bzh\/br\/news_bretagne\/ar-brezhoneg-dindan-840e\/#primaryimage"},"thumbnailUrl":"https:\/\/tiarvro-bro-gwened.bzh\/wp-content\/uploads\/2020\/06\/STUMDI.jpg","datePublished":"2021-06-09T13:25:44+00:00","description":"Trouvez des activit\u00e9s li\u00e9es \u00e0 la culture bretonne dans le Pays de Vannes: cours, conf\u00e9rences, concerts, expositions, d\u00e9couvertes...","breadcrumb":{"@id":"https:\/\/tiarvro-bro-gwened.bzh\/br\/news_bretagne\/ar-brezhoneg-dindan-840e\/#breadcrumb"},"inLanguage":"br-","potentialAction":[{"@type":"ReadAction","target":["https:\/\/tiarvro-bro-gwened.bzh\/br\/news_bretagne\/ar-brezhoneg-dindan-840e\/"]}]},{"@type":"ImageObject","inLanguage":"br-","@id":"https:\/\/tiarvro-bro-gwened.bzh\/br\/news_bretagne\/ar-brezhoneg-dindan-840e\/#primaryimage","url":"https:\/\/tiarvro-bro-gwened.bzh\/wp-content\/uploads\/2020\/06\/STUMDI.jpg","contentUrl":"https:\/\/tiarvro-bro-gwened.bzh\/wp-content\/uploads\/2020\/06\/STUMDI.jpg","width":500,"height":500,"caption":"Logo de STUMDI"},{"@type":"BreadcrumbList","@id":"https:\/\/tiarvro-bro-gwened.bzh\/br\/news_bretagne\/ar-brezhoneg-dindan-840e\/#breadcrumb","itemListElement":[{"@type":"ListItem","position":1,"name":"Degemer","item":"https:\/\/tiarvro-bro-gwened.bzh\/br\/"},{"@type":"ListItem","position":2,"name":"Keleier","item":"https:\/\/tiarvro-bro-gwened.bzh\/br\/news_bretagne\/"},{"@type":"ListItem","position":3,"name":"AR BREZHONEG DINDAN 840E !"}]},{"@type":"WebSite","@id":"https:\/\/tiarvro-bro-gwened.bzh\/br\/#website","url":"https:\/\/tiarvro-bro-gwened.bzh\/br\/","name":"Ti ar Vro Bro Gwened","description":"Entente du Pays de Vannes","publisher":{"@id":"https:\/\/tiarvro-bro-gwened.bzh\/br\/#organization"},"potentialAction":[{"@type":"SearchAction","target":{"@type":"EntryPoint","urlTemplate":"https:\/\/tiarvro-bro-gwened.bzh\/br\/?s={search_term_string}"},"query-input":{"@type":"PropertyValueSpecification","valueRequired":true,"valueName":"search_term_string"}}],"inLanguage":"br-"},{"@type":"Organization","@id":"https:\/\/tiarvro-bro-gwened.bzh\/br\/#organization","name":"Ti ar Vro Bro Gwened","url":"https:\/\/tiarvro-bro-gwened.bzh\/br\/","logo":{"@type":"ImageObject","inLanguage":"br-","@id":"https:\/\/tiarvro-bro-gwened.bzh\/br\/#\/schema\/logo\/image\/","url":"https:\/\/tiarvro-bro-gwened.bzh\/wp-content\/uploads\/2020\/04\/cropped-LOGO-COULEUR-0200.png","contentUrl":"https:\/\/tiarvro-bro-gwened.bzh\/wp-content\/uploads\/2020\/04\/cropped-LOGO-COULEUR-0200.png","width":199,"height":99,"caption":"Ti ar Vro Bro Gwened"},"image":{"@id":"https:\/\/tiarvro-bro-gwened.bzh\/br\/#\/schema\/logo\/image\/"}}]}},"_links":{"self":[{"href":"https:\/\/tiarvro-bro-gwened.bzh\/br\/wp-json\/wp\/v2\/news_bretagne\/4160","targetHints":{"allow":["GET"]}}],"collection":[{"href":"https:\/\/tiarvro-bro-gwened.bzh\/br\/wp-json\/wp\/v2\/news_bretagne"}],"about":[{"href":"https:\/\/tiarvro-bro-gwened.bzh\/br\/wp-json\/wp\/v2\/types\/news_bretagne"}],"wp:featuredmedia":[{"embeddable":true,"href":"https:\/\/tiarvro-bro-gwened.bzh\/br\/wp-json\/wp\/v2\/media\/4161"}],"wp:attachment":[{"href":"https:\/\/tiarvro-bro-gwened.bzh\/br\/wp-json\/wp\/v2\/media?parent=4160"}],"curies":[{"name":"wp","href":"https:\/\/api.w.org\/{rel}","templated":true}]}}