{"id":4154,"date":"2021-06-04T15:24:03","date_gmt":"2021-06-04T13:24:03","guid":{"rendered":"https:\/\/tiarvro-bro-gwened.bzh\/news_bretagne\/kenstrivadeg-filmou-chakod-priz-roet-da-skolajidi-teiz\/"},"modified":"2021-06-04T15:24:03","modified_gmt":"2021-06-04T13:24:03","slug":"kenstrivadeg-filmou-chakod-priz-roet-da-skolajidi-teiz","status":"publish","type":"news_bretagne","link":"https:\/\/tiarvro-bro-gwened.bzh\/br\/news_bretagne\/kenstrivadeg-filmou-chakod-priz-roet-da-skolajidi-teiz\/","title":{"rendered":"Kenstrivadeg Filmo\u00f9 Chakod : priz roet da skolajidi Teiz !"},"content":{"rendered":"<p><strong><img fetchpriority=\"high\" decoding=\"async\" class=\"alignleft wp-image-4128 size-medium\" src=\"https:\/\/tiarvro-bro-gwened.bzh\/wp-content\/uploads\/2021\/06\/skritell-filmou-chakod-skoliou_3-212x300.jpg\" alt=\"\" width=\"212\" height=\"300\" srcset=\"https:\/\/tiarvro-bro-gwened.bzh\/wp-content\/uploads\/2021\/06\/skritell-filmou-chakod-skoliou_3-212x300.jpg 212w, https:\/\/tiarvro-bro-gwened.bzh\/wp-content\/uploads\/2021\/06\/skritell-filmou-chakod-skoliou_3.jpg 394w\" sizes=\"(max-width: 212px) 100vw, 212px\" \/><\/strong><strong>Emglev Bro Gwened<\/strong> hag ar gevredigezh <strong>Daoulagad Breiz<\/strong>h o doa roet ur priz da <strong>hentad divyezheg<\/strong> Skolaj <strong>Itron-Varia Wenn<\/strong> eus Teiz.<\/p>\n<p>Ar skolajidi o doa sevenet ur film brav da ge\u00f1ver kenstrivadeg <a href=\"http:\/\/www.daoulagad-breizh.org\/filmougrave-chakod.html\"><strong>Filmo\u00f9 Chakod ar skolio\u00f9<\/strong><\/a> 2021.<\/p>\n<p style=\"text-align: left;\"><strong>Gourc&#8217;hemenno\u00f9 dezho !<\/strong><\/p>\n<figure id=\"attachment_4134\" aria-describedby=\"caption-attachment-4134\" style=\"width: 300px\" class=\"wp-caption alignright\"><img decoding=\"async\" class=\"wp-image-4133 size-medium\" src=\"https:\/\/tiarvro-bro-gwened.bzh\/wp-content\/uploads\/2021\/06\/theix-1-300x225.jpg\" alt=\"\" width=\"300\" height=\"225\" srcset=\"https:\/\/tiarvro-bro-gwened.bzh\/wp-content\/uploads\/2021\/06\/theix-1-300x225.jpg 300w, https:\/\/tiarvro-bro-gwened.bzh\/wp-content\/uploads\/2021\/06\/theix-1.jpg 676w\" sizes=\"(max-width: 300px) 100vw, 300px\" \/><figcaption id=\"caption-attachment-4134\" class=\"wp-caption-text\">Les \u00e9l\u00e8ves de 3\u00e8me bilingue avec A- C Quiviger (Emgley Bro Gwened), Elen Rubin (Daoulagad Breizh) et Ewen Tallec, professeur de breton.<\/figcaption><\/figure>\n<p>&nbsp;<\/p>\n<p style=\"text-align: center;\">Sellet ouzh ar film  ama\u00f1 :<\/p>\n<p style=\"text-align: center;\"><strong><a href=\"https:\/\/www.youtube.com\/watch?v=Zj7d3w1fYCI\">&#8220;Ar 7 pinijenn&#8221;<\/a><\/strong> !<\/p>\n<p>&nbsp;<\/p>\n<p>&nbsp;<\/p>\n<p style=\"text-align: center;\"><a href=\"https:\/\/www.letelegramme.fr\/morbihan\/theix-noyalo\/le-college-notre-dame-la-blanche-a-recu-un-prix-pour-des-courts-metrages-en-breton-29-05-2021-12758584.php?share_auth=e871a62e96fc822cd83b89a574fa743d&amp;fbclid=IwAR2ztAp4sYJoiHSUHpancFIVk4q31lajEjI7pomJP3Nmq0TriXT5GKwy9js\"><strong>Pennad kazetenn eus  T\u00e9l\u00e9gramme<\/strong> <\/a><\/p>\n<p>&nbsp;<\/p>\n","protected":false},"excerpt":{"rendered":"<p>Dizolei\u00f1 o film berr &#8220;Ar 7 pinijenn&#8221;&#8230;<\/p>\n","protected":false},"featured_media":4131,"template":"","class_list":["post-4154","news_bretagne","type-news_bretagne","status-publish","has-post-thumbnail","hentry"],"acf":[],"yoast_head":"<!-- This site is optimized with the Yoast SEO plugin v26.9 - https:\/\/yoast.com\/product\/yoast-seo-wordpress\/ -->\n<title>Kenstrivadeg Filmo\u00f9 Chakod : priz roet da skolajidi Teiz ! - Ti ar Vro Bro Gwened<\/title>\n<meta name=\"description\" content=\"Trouvez des activit\u00e9s li\u00e9es \u00e0 la culture bretonne dans le Pays de Vannes: cours, conf\u00e9rences, concerts, expositions, d\u00e9couvertes...\" \/>\n<meta name=\"robots\" content=\"index, follow, max-snippet:-1, max-image-preview:large, max-video-preview:-1\" \/>\n<link rel=\"canonical\" href=\"https:\/\/tiarvro-bro-gwened.bzh\/br\/news_bretagne\/kenstrivadeg-filmou-chakod-priz-roet-da-skolajidi-teiz\/\" \/>\n<meta property=\"og:locale\" content=\"en_US\" \/>\n<meta property=\"og:type\" content=\"article\" \/>\n<meta property=\"og:title\" content=\"Kenstrivadeg Filmo\u00f9 Chakod : priz roet da skolajidi Teiz ! - Ti ar Vro Bro Gwened\" \/>\n<meta property=\"og:description\" content=\"Trouvez des activit\u00e9s li\u00e9es \u00e0 la culture bretonne dans le Pays de Vannes: cours, conf\u00e9rences, concerts, expositions, d\u00e9couvertes...\" \/>\n<meta property=\"og:url\" content=\"https:\/\/tiarvro-bro-gwened.bzh\/br\/news_bretagne\/kenstrivadeg-filmou-chakod-priz-roet-da-skolajidi-teiz\/\" \/>\n<meta property=\"og:site_name\" content=\"Ti ar Vro Bro Gwened\" \/>\n<meta property=\"og:image\" content=\"https:\/\/tiarvro-bro-gwened.bzh\/wp-content\/uploads\/2021\/06\/filmou-chakod.jpg\" \/>\n\t<meta property=\"og:image:width\" content=\"800\" \/>\n\t<meta property=\"og:image:height\" content=\"278\" \/>\n\t<meta property=\"og:image:type\" content=\"image\/jpeg\" \/>\n<meta name=\"twitter:card\" content=\"summary_large_image\" \/>\n<script type=\"application\/ld+json\" class=\"yoast-schema-graph\">{\"@context\":\"https:\/\/schema.org\",\"@graph\":[{\"@type\":\"WebPage\",\"@id\":\"https:\/\/tiarvro-bro-gwened.bzh\/br\/news_bretagne\/kenstrivadeg-filmou-chakod-priz-roet-da-skolajidi-teiz\/\",\"url\":\"https:\/\/tiarvro-bro-gwened.bzh\/br\/news_bretagne\/kenstrivadeg-filmou-chakod-priz-roet-da-skolajidi-teiz\/\",\"name\":\"Kenstrivadeg Filmo\u00f9 Chakod : priz roet da skolajidi Teiz ! - Ti ar Vro Bro Gwened\",\"isPartOf\":{\"@id\":\"https:\/\/tiarvro-bro-gwened.bzh\/br\/#website\"},\"primaryImageOfPage\":{\"@id\":\"https:\/\/tiarvro-bro-gwened.bzh\/br\/news_bretagne\/kenstrivadeg-filmou-chakod-priz-roet-da-skolajidi-teiz\/#primaryimage\"},\"image\":{\"@id\":\"https:\/\/tiarvro-bro-gwened.bzh\/br\/news_bretagne\/kenstrivadeg-filmou-chakod-priz-roet-da-skolajidi-teiz\/#primaryimage\"},\"thumbnailUrl\":\"https:\/\/tiarvro-bro-gwened.bzh\/wp-content\/uploads\/2021\/06\/filmou-chakod.jpg\",\"datePublished\":\"2021-06-04T13:24:03+00:00\",\"description\":\"Trouvez des activit\u00e9s li\u00e9es \u00e0 la culture bretonne dans le Pays de Vannes: cours, conf\u00e9rences, concerts, expositions, d\u00e9couvertes...\",\"breadcrumb\":{\"@id\":\"https:\/\/tiarvro-bro-gwened.bzh\/br\/news_bretagne\/kenstrivadeg-filmou-chakod-priz-roet-da-skolajidi-teiz\/#breadcrumb\"},\"inLanguage\":\"br-\",\"potentialAction\":[{\"@type\":\"ReadAction\",\"target\":[\"https:\/\/tiarvro-bro-gwened.bzh\/br\/news_bretagne\/kenstrivadeg-filmou-chakod-priz-roet-da-skolajidi-teiz\/\"]}]},{\"@type\":\"ImageObject\",\"inLanguage\":\"br-\",\"@id\":\"https:\/\/tiarvro-bro-gwened.bzh\/br\/news_bretagne\/kenstrivadeg-filmou-chakod-priz-roet-da-skolajidi-teiz\/#primaryimage\",\"url\":\"https:\/\/tiarvro-bro-gwened.bzh\/wp-content\/uploads\/2021\/06\/filmou-chakod.jpg\",\"contentUrl\":\"https:\/\/tiarvro-bro-gwened.bzh\/wp-content\/uploads\/2021\/06\/filmou-chakod.jpg\",\"width\":800,\"height\":278},{\"@type\":\"BreadcrumbList\",\"@id\":\"https:\/\/tiarvro-bro-gwened.bzh\/br\/news_bretagne\/kenstrivadeg-filmou-chakod-priz-roet-da-skolajidi-teiz\/#breadcrumb\",\"itemListElement\":[{\"@type\":\"ListItem\",\"position\":1,\"name\":\"Degemer\",\"item\":\"https:\/\/tiarvro-bro-gwened.bzh\/br\/\"},{\"@type\":\"ListItem\",\"position\":2,\"name\":\"Keleier\",\"item\":\"https:\/\/tiarvro-bro-gwened.bzh\/br\/news_bretagne\/\"},{\"@type\":\"ListItem\",\"position\":3,\"name\":\"Kenstrivadeg Filmo\u00f9 Chakod : priz roet da skolajidi Teiz !\"}]},{\"@type\":\"WebSite\",\"@id\":\"https:\/\/tiarvro-bro-gwened.bzh\/br\/#website\",\"url\":\"https:\/\/tiarvro-bro-gwened.bzh\/br\/\",\"name\":\"Ti ar Vro Bro Gwened\",\"description\":\"Entente du Pays de Vannes\",\"publisher\":{\"@id\":\"https:\/\/tiarvro-bro-gwened.bzh\/br\/#organization\"},\"potentialAction\":[{\"@type\":\"SearchAction\",\"target\":{\"@type\":\"EntryPoint\",\"urlTemplate\":\"https:\/\/tiarvro-bro-gwened.bzh\/br\/?s={search_term_string}\"},\"query-input\":{\"@type\":\"PropertyValueSpecification\",\"valueRequired\":true,\"valueName\":\"search_term_string\"}}],\"inLanguage\":\"br-\"},{\"@type\":\"Organization\",\"@id\":\"https:\/\/tiarvro-bro-gwened.bzh\/br\/#organization\",\"name\":\"Ti ar Vro Bro Gwened\",\"url\":\"https:\/\/tiarvro-bro-gwened.bzh\/br\/\",\"logo\":{\"@type\":\"ImageObject\",\"inLanguage\":\"br-\",\"@id\":\"https:\/\/tiarvro-bro-gwened.bzh\/br\/#\/schema\/logo\/image\/\",\"url\":\"https:\/\/tiarvro-bro-gwened.bzh\/wp-content\/uploads\/2020\/04\/cropped-LOGO-COULEUR-0200.png\",\"contentUrl\":\"https:\/\/tiarvro-bro-gwened.bzh\/wp-content\/uploads\/2020\/04\/cropped-LOGO-COULEUR-0200.png\",\"width\":199,\"height\":99,\"caption\":\"Ti ar Vro Bro Gwened\"},\"image\":{\"@id\":\"https:\/\/tiarvro-bro-gwened.bzh\/br\/#\/schema\/logo\/image\/\"}}]}<\/script>\n<!-- \/ Yoast SEO plugin. -->","yoast_head_json":{"title":"Kenstrivadeg Filmo\u00f9 Chakod : priz roet da skolajidi Teiz ! - Ti ar Vro Bro Gwened","description":"Trouvez des activit\u00e9s li\u00e9es \u00e0 la culture bretonne dans le Pays de Vannes: cours, conf\u00e9rences, concerts, expositions, d\u00e9couvertes...","robots":{"index":"index","follow":"follow","max-snippet":"max-snippet:-1","max-image-preview":"max-image-preview:large","max-video-preview":"max-video-preview:-1"},"canonical":"https:\/\/tiarvro-bro-gwened.bzh\/br\/news_bretagne\/kenstrivadeg-filmou-chakod-priz-roet-da-skolajidi-teiz\/","og_locale":"en_US","og_type":"article","og_title":"Kenstrivadeg Filmo\u00f9 Chakod : priz roet da skolajidi Teiz ! - Ti ar Vro Bro Gwened","og_description":"Trouvez des activit\u00e9s li\u00e9es \u00e0 la culture bretonne dans le Pays de Vannes: cours, conf\u00e9rences, concerts, expositions, d\u00e9couvertes...","og_url":"https:\/\/tiarvro-bro-gwened.bzh\/br\/news_bretagne\/kenstrivadeg-filmou-chakod-priz-roet-da-skolajidi-teiz\/","og_site_name":"Ti ar Vro Bro Gwened","og_image":[{"width":800,"height":278,"url":"https:\/\/tiarvro-bro-gwened.bzh\/wp-content\/uploads\/2021\/06\/filmou-chakod.jpg","type":"image\/jpeg"}],"twitter_card":"summary_large_image","schema":{"@context":"https:\/\/schema.org","@graph":[{"@type":"WebPage","@id":"https:\/\/tiarvro-bro-gwened.bzh\/br\/news_bretagne\/kenstrivadeg-filmou-chakod-priz-roet-da-skolajidi-teiz\/","url":"https:\/\/tiarvro-bro-gwened.bzh\/br\/news_bretagne\/kenstrivadeg-filmou-chakod-priz-roet-da-skolajidi-teiz\/","name":"Kenstrivadeg Filmo\u00f9 Chakod : priz roet da skolajidi Teiz ! - Ti ar Vro Bro Gwened","isPartOf":{"@id":"https:\/\/tiarvro-bro-gwened.bzh\/br\/#website"},"primaryImageOfPage":{"@id":"https:\/\/tiarvro-bro-gwened.bzh\/br\/news_bretagne\/kenstrivadeg-filmou-chakod-priz-roet-da-skolajidi-teiz\/#primaryimage"},"image":{"@id":"https:\/\/tiarvro-bro-gwened.bzh\/br\/news_bretagne\/kenstrivadeg-filmou-chakod-priz-roet-da-skolajidi-teiz\/#primaryimage"},"thumbnailUrl":"https:\/\/tiarvro-bro-gwened.bzh\/wp-content\/uploads\/2021\/06\/filmou-chakod.jpg","datePublished":"2021-06-04T13:24:03+00:00","description":"Trouvez des activit\u00e9s li\u00e9es \u00e0 la culture bretonne dans le Pays de Vannes: cours, conf\u00e9rences, concerts, expositions, d\u00e9couvertes...","breadcrumb":{"@id":"https:\/\/tiarvro-bro-gwened.bzh\/br\/news_bretagne\/kenstrivadeg-filmou-chakod-priz-roet-da-skolajidi-teiz\/#breadcrumb"},"inLanguage":"br-","potentialAction":[{"@type":"ReadAction","target":["https:\/\/tiarvro-bro-gwened.bzh\/br\/news_bretagne\/kenstrivadeg-filmou-chakod-priz-roet-da-skolajidi-teiz\/"]}]},{"@type":"ImageObject","inLanguage":"br-","@id":"https:\/\/tiarvro-bro-gwened.bzh\/br\/news_bretagne\/kenstrivadeg-filmou-chakod-priz-roet-da-skolajidi-teiz\/#primaryimage","url":"https:\/\/tiarvro-bro-gwened.bzh\/wp-content\/uploads\/2021\/06\/filmou-chakod.jpg","contentUrl":"https:\/\/tiarvro-bro-gwened.bzh\/wp-content\/uploads\/2021\/06\/filmou-chakod.jpg","width":800,"height":278},{"@type":"BreadcrumbList","@id":"https:\/\/tiarvro-bro-gwened.bzh\/br\/news_bretagne\/kenstrivadeg-filmou-chakod-priz-roet-da-skolajidi-teiz\/#breadcrumb","itemListElement":[{"@type":"ListItem","position":1,"name":"Degemer","item":"https:\/\/tiarvro-bro-gwened.bzh\/br\/"},{"@type":"ListItem","position":2,"name":"Keleier","item":"https:\/\/tiarvro-bro-gwened.bzh\/br\/news_bretagne\/"},{"@type":"ListItem","position":3,"name":"Kenstrivadeg Filmo\u00f9 Chakod : priz roet da skolajidi Teiz !"}]},{"@type":"WebSite","@id":"https:\/\/tiarvro-bro-gwened.bzh\/br\/#website","url":"https:\/\/tiarvro-bro-gwened.bzh\/br\/","name":"Ti ar Vro Bro Gwened","description":"Entente du Pays de Vannes","publisher":{"@id":"https:\/\/tiarvro-bro-gwened.bzh\/br\/#organization"},"potentialAction":[{"@type":"SearchAction","target":{"@type":"EntryPoint","urlTemplate":"https:\/\/tiarvro-bro-gwened.bzh\/br\/?s={search_term_string}"},"query-input":{"@type":"PropertyValueSpecification","valueRequired":true,"valueName":"search_term_string"}}],"inLanguage":"br-"},{"@type":"Organization","@id":"https:\/\/tiarvro-bro-gwened.bzh\/br\/#organization","name":"Ti ar Vro Bro Gwened","url":"https:\/\/tiarvro-bro-gwened.bzh\/br\/","logo":{"@type":"ImageObject","inLanguage":"br-","@id":"https:\/\/tiarvro-bro-gwened.bzh\/br\/#\/schema\/logo\/image\/","url":"https:\/\/tiarvro-bro-gwened.bzh\/wp-content\/uploads\/2020\/04\/cropped-LOGO-COULEUR-0200.png","contentUrl":"https:\/\/tiarvro-bro-gwened.bzh\/wp-content\/uploads\/2020\/04\/cropped-LOGO-COULEUR-0200.png","width":199,"height":99,"caption":"Ti ar Vro Bro Gwened"},"image":{"@id":"https:\/\/tiarvro-bro-gwened.bzh\/br\/#\/schema\/logo\/image\/"}}]}},"_links":{"self":[{"href":"https:\/\/tiarvro-bro-gwened.bzh\/br\/wp-json\/wp\/v2\/news_bretagne\/4154","targetHints":{"allow":["GET"]}}],"collection":[{"href":"https:\/\/tiarvro-bro-gwened.bzh\/br\/wp-json\/wp\/v2\/news_bretagne"}],"about":[{"href":"https:\/\/tiarvro-bro-gwened.bzh\/br\/wp-json\/wp\/v2\/types\/news_bretagne"}],"wp:featuredmedia":[{"embeddable":true,"href":"https:\/\/tiarvro-bro-gwened.bzh\/br\/wp-json\/wp\/v2\/media\/4131"}],"wp:attachment":[{"href":"https:\/\/tiarvro-bro-gwened.bzh\/br\/wp-json\/wp\/v2\/media?parent=4154"}],"curies":[{"name":"wp","href":"https:\/\/api.w.org\/{rel}","templated":true}]}}