{"id":4079,"date":"2021-04-30T14:54:05","date_gmt":"2021-04-30T12:54:05","guid":{"rendered":"https:\/\/tiarvro-bro-gwened.bzh\/news_bretagne\/dar-sadorn-22-a-viz-mae-diskouezadeg-deomp-dar-park\/"},"modified":"2021-05-12T14:22:23","modified_gmt":"2021-05-12T12:22:23","slug":"dar-sadorn-22-a-viz-mae-diskouezadeg-deomp-dar-park","status":"publish","type":"news_bretagne","link":"https:\/\/tiarvro-bro-gwened.bzh\/br\/news_bretagne\/dar-sadorn-22-a-viz-mae-diskouezadeg-deomp-dar-park\/","title":{"rendered":"NULLET : D&#8217;ar Sadorn 22 a viz Mae : Diskouezadeg &#8220;Deomp d&#8217;ar Park !&#8221;"},"content":{"rendered":"<p><img fetchpriority=\"high\" decoding=\"async\" class=\"alignleft size-medium wp-image-4075\" src=\"https:\/\/tiarvro-bro-gwened.bzh\/wp-content\/uploads\/2021\/04\/Expo-skrit-aff-OK-212x300.jpg\" alt=\"\" width=\"212\" height=\"300\" srcset=\"https:\/\/tiarvro-bro-gwened.bzh\/wp-content\/uploads\/2021\/04\/Expo-skrit-aff-OK-212x300.jpg 212w, https:\/\/tiarvro-bro-gwened.bzh\/wp-content\/uploads\/2021\/04\/Expo-skrit-aff-OK-724x1024.jpg 724w, https:\/\/tiarvro-bro-gwened.bzh\/wp-content\/uploads\/2021\/04\/Expo-skrit-aff-OK-768x1086.jpg 768w, https:\/\/tiarvro-bro-gwened.bzh\/wp-content\/uploads\/2021\/04\/Expo-skrit-aff-OK-1086x1536.jpg 1086w, https:\/\/tiarvro-bro-gwened.bzh\/wp-content\/uploads\/2021\/04\/Expo-skrit-aff-OK-1448x2048.jpg 1448w, https:\/\/tiarvro-bro-gwened.bzh\/wp-content\/uploads\/2021\/04\/Expo-skrit-aff-OK-scaled.jpg 1810w\" sizes=\"(max-width: 212px) 100vw, 212px\" \/>Fin ar bloaz 2019. Setu ur strollad bihan, pevar luc\u2019hskeudenner enna\u00f1, roet la\u00f1s dezho gant Catherine ha stag ouzh Club Photo IUT Vannes ; en em lakaat a reont en hent da luc\u2019hskeudenni\u00f1 produerien, saverien, liorzhourien dindan ar stern ; tud a labour en ur doare bio, lec\u2019hel, artizanel hag a skign o froduio\u00f9 er rouedado\u00f9 kenwerzh berra\u00f1.<\/p>\n<p>Kement a youl gant ar broduerien da ginnig an tu-enep d\u2019al labour-douar ijinerezhel da annezidi Bro-Gwened, kement a imor gant da rei\u00f1 ton ha lufr da zouar Breizh, a oa da veza\u00f1 treuzkaset war ar skeudenno\u00f9.<\/p>\n<p>O binviji luc\u2019hskeudenni\u00f1 ganto war o skoazio\u00f9, Catherine, Jo\u00ebl, Marc ha J\u00e9r\u00f4me a zo aet da redek bro a-hed maezio\u00f9 Bro Gwened. Lakaet klaoustre ganto e teufe o luc\u2019hskeudenno\u00f9: da sevel ur gelaouadenn war ar produerien-se, hag int yaouank peuliesa\u00f1, engouestlet, o labourat gant ar brasa\u00f1 douja\u00f1s ouzh hor blanedenn-douar hag hor c\u2019hornad-bro.<\/p>\n<p>Ra brofo hor skeudenno\u00f9 deoc\u2019h un darn eus ar pezh hon eus desket, eus ar pezh hon eus bevet, hag a gendalc\u2019homp da veva\u00f1 e-ser ar broduerien galonek-se. Ra voc\u2019h kelaouet, dedennet, lakaet da vousc\u2019hoarzhin, nec\u2019het, bamet gant hor skeudenno\u00f9\u2026 ; ra blantint c\u2019hoant ennoc\u2019h da che\u00f1ch penn d\u2019ar vazh\u2026 ma n\u2019ho peus ket graet dija.<\/p>\n<h2 style=\"text-align: center;\"><strong>diskouezadeg d&#8217;ar Sadorn 22 a viz Mae e Ti ar Vro e Gwened, <\/strong><\/h2>\n<h2 style=\"text-align: center;\"><strong>etre 2e00 ha 6e30 gm <\/strong><\/h2>\n<h2 style=\"text-align: center;\"><strong>da ge\u00f1ver Fest Ti ar Vro #2 ha Gouel Breizh<\/strong><\/h2>\n","protected":false},"excerpt":{"rendered":"<p>Kinniget gant ar C&#8217;hlub Foto IUT Gwened war produerien bio Bro Gwened.<\/p>\n","protected":false},"featured_media":4078,"template":"","class_list":["post-4079","news_bretagne","type-news_bretagne","status-publish","has-post-thumbnail","hentry"],"acf":[],"yoast_head":"<!-- This site is optimized with the Yoast SEO plugin v26.9 - https:\/\/yoast.com\/product\/yoast-seo-wordpress\/ -->\n<title>NULLET : D&#039;ar Sadorn 22 a viz Mae : Diskouezadeg &quot;Deomp d&#039;ar Park !&quot; - Ti ar Vro Bro Gwened<\/title>\n<meta name=\"description\" content=\"Trouvez des activit\u00e9s li\u00e9es \u00e0 la culture bretonne dans le Pays de Vannes: cours, conf\u00e9rences, concerts, expositions, d\u00e9couvertes...\" \/>\n<meta name=\"robots\" content=\"index, follow, max-snippet:-1, max-image-preview:large, max-video-preview:-1\" \/>\n<link rel=\"canonical\" href=\"https:\/\/tiarvro-bro-gwened.bzh\/br\/news_bretagne\/dar-sadorn-22-a-viz-mae-diskouezadeg-deomp-dar-park\/\" \/>\n<meta property=\"og:locale\" content=\"en_US\" \/>\n<meta property=\"og:type\" content=\"article\" \/>\n<meta property=\"og:title\" content=\"NULLET : D&#039;ar Sadorn 22 a viz Mae : Diskouezadeg &quot;Deomp d&#039;ar Park !&quot; - Ti ar Vro Bro Gwened\" \/>\n<meta property=\"og:description\" content=\"Trouvez des activit\u00e9s li\u00e9es \u00e0 la culture bretonne dans le Pays de Vannes: cours, conf\u00e9rences, concerts, expositions, d\u00e9couvertes...\" \/>\n<meta property=\"og:url\" content=\"https:\/\/tiarvro-bro-gwened.bzh\/br\/news_bretagne\/dar-sadorn-22-a-viz-mae-diskouezadeg-deomp-dar-park\/\" \/>\n<meta property=\"og:site_name\" content=\"Ti ar Vro Bro Gwened\" \/>\n<meta property=\"article:modified_time\" content=\"2021-05-12T12:22:23+00:00\" \/>\n<meta property=\"og:image\" content=\"https:\/\/tiarvro-bro-gwened.bzh\/wp-content\/uploads\/2021\/04\/Thomas-Joelle-20200612IMGP81152.jpg\" \/>\n\t<meta property=\"og:image:width\" content=\"1260\" \/>\n\t<meta property=\"og:image:height\" content=\"838\" \/>\n\t<meta property=\"og:image:type\" content=\"image\/jpeg\" \/>\n<meta name=\"twitter:card\" content=\"summary_large_image\" \/>\n<meta name=\"twitter:label1\" content=\"Est. reading time\" \/>\n\t<meta name=\"twitter:data1\" content=\"1 minute\" \/>\n<script type=\"application\/ld+json\" class=\"yoast-schema-graph\">{\"@context\":\"https:\/\/schema.org\",\"@graph\":[{\"@type\":\"WebPage\",\"@id\":\"https:\/\/tiarvro-bro-gwened.bzh\/br\/news_bretagne\/dar-sadorn-22-a-viz-mae-diskouezadeg-deomp-dar-park\/\",\"url\":\"https:\/\/tiarvro-bro-gwened.bzh\/br\/news_bretagne\/dar-sadorn-22-a-viz-mae-diskouezadeg-deomp-dar-park\/\",\"name\":\"NULLET : D'ar Sadorn 22 a viz Mae : Diskouezadeg \\\"Deomp d'ar Park !\\\" - Ti ar Vro Bro Gwened\",\"isPartOf\":{\"@id\":\"https:\/\/tiarvro-bro-gwened.bzh\/br\/#website\"},\"primaryImageOfPage\":{\"@id\":\"https:\/\/tiarvro-bro-gwened.bzh\/br\/news_bretagne\/dar-sadorn-22-a-viz-mae-diskouezadeg-deomp-dar-park\/#primaryimage\"},\"image\":{\"@id\":\"https:\/\/tiarvro-bro-gwened.bzh\/br\/news_bretagne\/dar-sadorn-22-a-viz-mae-diskouezadeg-deomp-dar-park\/#primaryimage\"},\"thumbnailUrl\":\"https:\/\/tiarvro-bro-gwened.bzh\/wp-content\/uploads\/2021\/04\/Thomas-Joelle-20200612IMGP81152.jpg\",\"datePublished\":\"2021-04-30T12:54:05+00:00\",\"dateModified\":\"2021-05-12T12:22:23+00:00\",\"description\":\"Trouvez des activit\u00e9s li\u00e9es \u00e0 la culture bretonne dans le Pays de Vannes: cours, conf\u00e9rences, concerts, expositions, d\u00e9couvertes...\",\"breadcrumb\":{\"@id\":\"https:\/\/tiarvro-bro-gwened.bzh\/br\/news_bretagne\/dar-sadorn-22-a-viz-mae-diskouezadeg-deomp-dar-park\/#breadcrumb\"},\"inLanguage\":\"br-\",\"potentialAction\":[{\"@type\":\"ReadAction\",\"target\":[\"https:\/\/tiarvro-bro-gwened.bzh\/br\/news_bretagne\/dar-sadorn-22-a-viz-mae-diskouezadeg-deomp-dar-park\/\"]}]},{\"@type\":\"ImageObject\",\"inLanguage\":\"br-\",\"@id\":\"https:\/\/tiarvro-bro-gwened.bzh\/br\/news_bretagne\/dar-sadorn-22-a-viz-mae-diskouezadeg-deomp-dar-park\/#primaryimage\",\"url\":\"https:\/\/tiarvro-bro-gwened.bzh\/wp-content\/uploads\/2021\/04\/Thomas-Joelle-20200612IMGP81152.jpg\",\"contentUrl\":\"https:\/\/tiarvro-bro-gwened.bzh\/wp-content\/uploads\/2021\/04\/Thomas-Joelle-20200612IMGP81152.jpg\",\"width\":1260,\"height\":838},{\"@type\":\"BreadcrumbList\",\"@id\":\"https:\/\/tiarvro-bro-gwened.bzh\/br\/news_bretagne\/dar-sadorn-22-a-viz-mae-diskouezadeg-deomp-dar-park\/#breadcrumb\",\"itemListElement\":[{\"@type\":\"ListItem\",\"position\":1,\"name\":\"Degemer\",\"item\":\"https:\/\/tiarvro-bro-gwened.bzh\/br\/\"},{\"@type\":\"ListItem\",\"position\":2,\"name\":\"Keleier\",\"item\":\"https:\/\/tiarvro-bro-gwened.bzh\/br\/news_bretagne\/\"},{\"@type\":\"ListItem\",\"position\":3,\"name\":\"NULLET : D&rsquo;ar Sadorn 22 a viz Mae : Diskouezadeg \u00ab\u00a0Deomp d&rsquo;ar Park !\u00a0\u00bb\"}]},{\"@type\":\"WebSite\",\"@id\":\"https:\/\/tiarvro-bro-gwened.bzh\/br\/#website\",\"url\":\"https:\/\/tiarvro-bro-gwened.bzh\/br\/\",\"name\":\"Ti ar Vro Bro Gwened\",\"description\":\"Entente du Pays de Vannes\",\"publisher\":{\"@id\":\"https:\/\/tiarvro-bro-gwened.bzh\/br\/#organization\"},\"potentialAction\":[{\"@type\":\"SearchAction\",\"target\":{\"@type\":\"EntryPoint\",\"urlTemplate\":\"https:\/\/tiarvro-bro-gwened.bzh\/br\/?s={search_term_string}\"},\"query-input\":{\"@type\":\"PropertyValueSpecification\",\"valueRequired\":true,\"valueName\":\"search_term_string\"}}],\"inLanguage\":\"br-\"},{\"@type\":\"Organization\",\"@id\":\"https:\/\/tiarvro-bro-gwened.bzh\/br\/#organization\",\"name\":\"Ti ar Vro Bro Gwened\",\"url\":\"https:\/\/tiarvro-bro-gwened.bzh\/br\/\",\"logo\":{\"@type\":\"ImageObject\",\"inLanguage\":\"br-\",\"@id\":\"https:\/\/tiarvro-bro-gwened.bzh\/br\/#\/schema\/logo\/image\/\",\"url\":\"https:\/\/tiarvro-bro-gwened.bzh\/wp-content\/uploads\/2020\/04\/cropped-LOGO-COULEUR-0200.png\",\"contentUrl\":\"https:\/\/tiarvro-bro-gwened.bzh\/wp-content\/uploads\/2020\/04\/cropped-LOGO-COULEUR-0200.png\",\"width\":199,\"height\":99,\"caption\":\"Ti ar Vro Bro Gwened\"},\"image\":{\"@id\":\"https:\/\/tiarvro-bro-gwened.bzh\/br\/#\/schema\/logo\/image\/\"}}]}<\/script>\n<!-- \/ Yoast SEO plugin. -->","yoast_head_json":{"title":"NULLET : D'ar Sadorn 22 a viz Mae : Diskouezadeg \"Deomp d'ar Park !\" - Ti ar Vro Bro Gwened","description":"Trouvez des activit\u00e9s li\u00e9es \u00e0 la culture bretonne dans le Pays de Vannes: cours, conf\u00e9rences, concerts, expositions, d\u00e9couvertes...","robots":{"index":"index","follow":"follow","max-snippet":"max-snippet:-1","max-image-preview":"max-image-preview:large","max-video-preview":"max-video-preview:-1"},"canonical":"https:\/\/tiarvro-bro-gwened.bzh\/br\/news_bretagne\/dar-sadorn-22-a-viz-mae-diskouezadeg-deomp-dar-park\/","og_locale":"en_US","og_type":"article","og_title":"NULLET : D'ar Sadorn 22 a viz Mae : Diskouezadeg \"Deomp d'ar Park !\" - Ti ar Vro Bro Gwened","og_description":"Trouvez des activit\u00e9s li\u00e9es \u00e0 la culture bretonne dans le Pays de Vannes: cours, conf\u00e9rences, concerts, expositions, d\u00e9couvertes...","og_url":"https:\/\/tiarvro-bro-gwened.bzh\/br\/news_bretagne\/dar-sadorn-22-a-viz-mae-diskouezadeg-deomp-dar-park\/","og_site_name":"Ti ar Vro Bro Gwened","article_modified_time":"2021-05-12T12:22:23+00:00","og_image":[{"width":1260,"height":838,"url":"https:\/\/tiarvro-bro-gwened.bzh\/wp-content\/uploads\/2021\/04\/Thomas-Joelle-20200612IMGP81152.jpg","type":"image\/jpeg"}],"twitter_card":"summary_large_image","twitter_misc":{"Est. reading time":"1 minute"},"schema":{"@context":"https:\/\/schema.org","@graph":[{"@type":"WebPage","@id":"https:\/\/tiarvro-bro-gwened.bzh\/br\/news_bretagne\/dar-sadorn-22-a-viz-mae-diskouezadeg-deomp-dar-park\/","url":"https:\/\/tiarvro-bro-gwened.bzh\/br\/news_bretagne\/dar-sadorn-22-a-viz-mae-diskouezadeg-deomp-dar-park\/","name":"NULLET : D'ar Sadorn 22 a viz Mae : Diskouezadeg \"Deomp d'ar Park !\" - Ti ar Vro Bro Gwened","isPartOf":{"@id":"https:\/\/tiarvro-bro-gwened.bzh\/br\/#website"},"primaryImageOfPage":{"@id":"https:\/\/tiarvro-bro-gwened.bzh\/br\/news_bretagne\/dar-sadorn-22-a-viz-mae-diskouezadeg-deomp-dar-park\/#primaryimage"},"image":{"@id":"https:\/\/tiarvro-bro-gwened.bzh\/br\/news_bretagne\/dar-sadorn-22-a-viz-mae-diskouezadeg-deomp-dar-park\/#primaryimage"},"thumbnailUrl":"https:\/\/tiarvro-bro-gwened.bzh\/wp-content\/uploads\/2021\/04\/Thomas-Joelle-20200612IMGP81152.jpg","datePublished":"2021-04-30T12:54:05+00:00","dateModified":"2021-05-12T12:22:23+00:00","description":"Trouvez des activit\u00e9s li\u00e9es \u00e0 la culture bretonne dans le Pays de Vannes: cours, conf\u00e9rences, concerts, expositions, d\u00e9couvertes...","breadcrumb":{"@id":"https:\/\/tiarvro-bro-gwened.bzh\/br\/news_bretagne\/dar-sadorn-22-a-viz-mae-diskouezadeg-deomp-dar-park\/#breadcrumb"},"inLanguage":"br-","potentialAction":[{"@type":"ReadAction","target":["https:\/\/tiarvro-bro-gwened.bzh\/br\/news_bretagne\/dar-sadorn-22-a-viz-mae-diskouezadeg-deomp-dar-park\/"]}]},{"@type":"ImageObject","inLanguage":"br-","@id":"https:\/\/tiarvro-bro-gwened.bzh\/br\/news_bretagne\/dar-sadorn-22-a-viz-mae-diskouezadeg-deomp-dar-park\/#primaryimage","url":"https:\/\/tiarvro-bro-gwened.bzh\/wp-content\/uploads\/2021\/04\/Thomas-Joelle-20200612IMGP81152.jpg","contentUrl":"https:\/\/tiarvro-bro-gwened.bzh\/wp-content\/uploads\/2021\/04\/Thomas-Joelle-20200612IMGP81152.jpg","width":1260,"height":838},{"@type":"BreadcrumbList","@id":"https:\/\/tiarvro-bro-gwened.bzh\/br\/news_bretagne\/dar-sadorn-22-a-viz-mae-diskouezadeg-deomp-dar-park\/#breadcrumb","itemListElement":[{"@type":"ListItem","position":1,"name":"Degemer","item":"https:\/\/tiarvro-bro-gwened.bzh\/br\/"},{"@type":"ListItem","position":2,"name":"Keleier","item":"https:\/\/tiarvro-bro-gwened.bzh\/br\/news_bretagne\/"},{"@type":"ListItem","position":3,"name":"NULLET : D&rsquo;ar Sadorn 22 a viz Mae : Diskouezadeg \u00ab\u00a0Deomp d&rsquo;ar Park !\u00a0\u00bb"}]},{"@type":"WebSite","@id":"https:\/\/tiarvro-bro-gwened.bzh\/br\/#website","url":"https:\/\/tiarvro-bro-gwened.bzh\/br\/","name":"Ti ar Vro Bro Gwened","description":"Entente du Pays de Vannes","publisher":{"@id":"https:\/\/tiarvro-bro-gwened.bzh\/br\/#organization"},"potentialAction":[{"@type":"SearchAction","target":{"@type":"EntryPoint","urlTemplate":"https:\/\/tiarvro-bro-gwened.bzh\/br\/?s={search_term_string}"},"query-input":{"@type":"PropertyValueSpecification","valueRequired":true,"valueName":"search_term_string"}}],"inLanguage":"br-"},{"@type":"Organization","@id":"https:\/\/tiarvro-bro-gwened.bzh\/br\/#organization","name":"Ti ar Vro Bro Gwened","url":"https:\/\/tiarvro-bro-gwened.bzh\/br\/","logo":{"@type":"ImageObject","inLanguage":"br-","@id":"https:\/\/tiarvro-bro-gwened.bzh\/br\/#\/schema\/logo\/image\/","url":"https:\/\/tiarvro-bro-gwened.bzh\/wp-content\/uploads\/2020\/04\/cropped-LOGO-COULEUR-0200.png","contentUrl":"https:\/\/tiarvro-bro-gwened.bzh\/wp-content\/uploads\/2020\/04\/cropped-LOGO-COULEUR-0200.png","width":199,"height":99,"caption":"Ti ar Vro Bro Gwened"},"image":{"@id":"https:\/\/tiarvro-bro-gwened.bzh\/br\/#\/schema\/logo\/image\/"}}]}},"_links":{"self":[{"href":"https:\/\/tiarvro-bro-gwened.bzh\/br\/wp-json\/wp\/v2\/news_bretagne\/4079","targetHints":{"allow":["GET"]}}],"collection":[{"href":"https:\/\/tiarvro-bro-gwened.bzh\/br\/wp-json\/wp\/v2\/news_bretagne"}],"about":[{"href":"https:\/\/tiarvro-bro-gwened.bzh\/br\/wp-json\/wp\/v2\/types\/news_bretagne"}],"wp:featuredmedia":[{"embeddable":true,"href":"https:\/\/tiarvro-bro-gwened.bzh\/br\/wp-json\/wp\/v2\/media\/4078"}],"wp:attachment":[{"href":"https:\/\/tiarvro-bro-gwened.bzh\/br\/wp-json\/wp\/v2\/media?parent=4079"}],"curies":[{"name":"wp","href":"https:\/\/api.w.org\/{rel}","templated":true}]}}