{"id":4043,"date":"2021-02-19T12:15:47","date_gmt":"2021-02-19T11:15:47","guid":{"rendered":"https:\/\/tiarvro-bro-gwened.bzh\/news_bretagne\/priziou-2021\/"},"modified":"2021-02-19T12:15:53","modified_gmt":"2021-02-19T11:15:53","slug":"priziou-2021","status":"publish","type":"news_bretagne","link":"https:\/\/tiarvro-bro-gwened.bzh\/br\/news_bretagne\/priziou-2021\/","title":{"rendered":"Prizio\u00f9 2021"},"content":{"rendered":"<h2 style=\"text-align: center;\"><strong>Ti ar Vro Gwened zo bet dibabet evit ar Prizio\u00f9 2021<\/strong><\/h2>\n<p>E rummad kevredigezh evit ar c\u2019hentelio\u00f9 kana\u00f1 ha brezhoneg aozet enlinenn e-pad ar mareado\u00f9 kenfina\u00f1.<\/p>\n<p>Les Prizio\u00f9 zo aozet gant France 3 Breizh hag Ofis Publik ar Brezhoneg ha roet e vez ar garedono\u00f9-se da dud prevez, da gevredigezhio\u00f9, da embregerezhio\u00f9 pe da ensavadurio\u00f9 o deus lezet ur merk en nevezi\u00f1 e brezhoneg.<\/p>\n<p><img decoding=\"async\" class=\"aligncenter size-medium wp-image-4039\" src=\"https:\/\/tiarvro-bro-gwened.bzh\/wp-content\/uploads\/2021\/02\/priziou-300x112.jpg\" alt=\"\" width=\"300\" height=\"112\" srcset=\"https:\/\/tiarvro-bro-gwened.bzh\/wp-content\/uploads\/2021\/02\/priziou-300x112.jpg 300w, https:\/\/tiarvro-bro-gwened.bzh\/wp-content\/uploads\/2021\/02\/priziou.jpg 700w\" sizes=\"(max-width: 300px) 100vw, 300px\" \/><\/p>\n<p>Evit gouzout disoc\u2019ho\u00f9 ar Prizio\u00f9 2021 notennit a-vrema\u00f1 daou emgav : ar Gwener 26 a viz Meurzh adalek 8e30 gm war ar web hag ar Sul 28 a viz Meurzh da 10e10 war France 3 Breizh. <\/p>\n<p style=\"text-align: center;\"><a href=\"https:\/\/www.francetvpro.fr\/contenu-de-presse\/8818651\">https:\/\/www.francetvpro.fr\/contenu-de-presse\/8818651<\/a><\/p>\n","protected":false},"excerpt":{"rendered":"<p>Ti ar Vro Gwened zo bet dibabet &#8230;<\/p>\n","protected":false},"featured_media":4042,"template":"","class_list":["post-4043","news_bretagne","type-news_bretagne","status-publish","has-post-thumbnail","hentry"],"acf":[],"yoast_head":"<!-- This site is optimized with the Yoast SEO plugin v26.9 - https:\/\/yoast.com\/product\/yoast-seo-wordpress\/ -->\n<title>Prizio\u00f9 2021 - Ti ar Vro Bro Gwened<\/title>\n<meta name=\"description\" content=\"Trouvez des activit\u00e9s li\u00e9es \u00e0 la culture bretonne dans le Pays de Vannes: cours, conf\u00e9rences, concerts, expositions, d\u00e9couvertes...\" \/>\n<meta name=\"robots\" content=\"index, follow, max-snippet:-1, max-image-preview:large, max-video-preview:-1\" \/>\n<link rel=\"canonical\" href=\"https:\/\/tiarvro-bro-gwened.bzh\/br\/news_bretagne\/priziou-2021\/\" \/>\n<meta property=\"og:locale\" content=\"en_US\" \/>\n<meta property=\"og:type\" content=\"article\" \/>\n<meta property=\"og:title\" content=\"Prizio\u00f9 2021 - Ti ar Vro Bro Gwened\" \/>\n<meta property=\"og:description\" content=\"Trouvez des activit\u00e9s li\u00e9es \u00e0 la culture bretonne dans le Pays de Vannes: cours, conf\u00e9rences, concerts, expositions, d\u00e9couvertes...\" \/>\n<meta property=\"og:url\" content=\"https:\/\/tiarvro-bro-gwened.bzh\/br\/news_bretagne\/priziou-2021\/\" \/>\n<meta property=\"og:site_name\" content=\"Ti ar Vro Bro Gwened\" \/>\n<meta property=\"article:modified_time\" content=\"2021-02-19T11:15:53+00:00\" \/>\n<meta property=\"og:image\" content=\"https:\/\/tiarvro-bro-gwened.bzh\/wp-content\/uploads\/2021\/02\/1280px-France_3_Bretagne_-_Logo_2018.svg.png\" \/>\n\t<meta property=\"og:image:width\" content=\"1280\" \/>\n\t<meta property=\"og:image:height\" content=\"460\" \/>\n\t<meta property=\"og:image:type\" content=\"image\/png\" \/>\n<meta name=\"twitter:card\" content=\"summary_large_image\" \/>\n<meta name=\"twitter:label1\" content=\"Est. reading time\" \/>\n\t<meta name=\"twitter:data1\" content=\"1 minute\" \/>\n<script type=\"application\/ld+json\" class=\"yoast-schema-graph\">{\"@context\":\"https:\/\/schema.org\",\"@graph\":[{\"@type\":\"WebPage\",\"@id\":\"https:\/\/tiarvro-bro-gwened.bzh\/br\/news_bretagne\/priziou-2021\/\",\"url\":\"https:\/\/tiarvro-bro-gwened.bzh\/br\/news_bretagne\/priziou-2021\/\",\"name\":\"Prizio\u00f9 2021 - Ti ar Vro Bro Gwened\",\"isPartOf\":{\"@id\":\"https:\/\/tiarvro-bro-gwened.bzh\/br\/#website\"},\"primaryImageOfPage\":{\"@id\":\"https:\/\/tiarvro-bro-gwened.bzh\/br\/news_bretagne\/priziou-2021\/#primaryimage\"},\"image\":{\"@id\":\"https:\/\/tiarvro-bro-gwened.bzh\/br\/news_bretagne\/priziou-2021\/#primaryimage\"},\"thumbnailUrl\":\"https:\/\/tiarvro-bro-gwened.bzh\/wp-content\/uploads\/2021\/02\/1280px-France_3_Bretagne_-_Logo_2018.svg.png\",\"datePublished\":\"2021-02-19T11:15:47+00:00\",\"dateModified\":\"2021-02-19T11:15:53+00:00\",\"description\":\"Trouvez des activit\u00e9s li\u00e9es \u00e0 la culture bretonne dans le Pays de Vannes: cours, conf\u00e9rences, concerts, expositions, d\u00e9couvertes...\",\"breadcrumb\":{\"@id\":\"https:\/\/tiarvro-bro-gwened.bzh\/br\/news_bretagne\/priziou-2021\/#breadcrumb\"},\"inLanguage\":\"br-\",\"potentialAction\":[{\"@type\":\"ReadAction\",\"target\":[\"https:\/\/tiarvro-bro-gwened.bzh\/br\/news_bretagne\/priziou-2021\/\"]}]},{\"@type\":\"ImageObject\",\"inLanguage\":\"br-\",\"@id\":\"https:\/\/tiarvro-bro-gwened.bzh\/br\/news_bretagne\/priziou-2021\/#primaryimage\",\"url\":\"https:\/\/tiarvro-bro-gwened.bzh\/wp-content\/uploads\/2021\/02\/1280px-France_3_Bretagne_-_Logo_2018.svg.png\",\"contentUrl\":\"https:\/\/tiarvro-bro-gwened.bzh\/wp-content\/uploads\/2021\/02\/1280px-France_3_Bretagne_-_Logo_2018.svg.png\",\"width\":1280,\"height\":460},{\"@type\":\"BreadcrumbList\",\"@id\":\"https:\/\/tiarvro-bro-gwened.bzh\/br\/news_bretagne\/priziou-2021\/#breadcrumb\",\"itemListElement\":[{\"@type\":\"ListItem\",\"position\":1,\"name\":\"Degemer\",\"item\":\"https:\/\/tiarvro-bro-gwened.bzh\/br\/\"},{\"@type\":\"ListItem\",\"position\":2,\"name\":\"Keleier\",\"item\":\"https:\/\/tiarvro-bro-gwened.bzh\/br\/news_bretagne\/\"},{\"@type\":\"ListItem\",\"position\":3,\"name\":\"Prizio\u00f9 2021\"}]},{\"@type\":\"WebSite\",\"@id\":\"https:\/\/tiarvro-bro-gwened.bzh\/br\/#website\",\"url\":\"https:\/\/tiarvro-bro-gwened.bzh\/br\/\",\"name\":\"Ti ar Vro Bro Gwened\",\"description\":\"Entente du Pays de Vannes\",\"publisher\":{\"@id\":\"https:\/\/tiarvro-bro-gwened.bzh\/br\/#organization\"},\"potentialAction\":[{\"@type\":\"SearchAction\",\"target\":{\"@type\":\"EntryPoint\",\"urlTemplate\":\"https:\/\/tiarvro-bro-gwened.bzh\/br\/?s={search_term_string}\"},\"query-input\":{\"@type\":\"PropertyValueSpecification\",\"valueRequired\":true,\"valueName\":\"search_term_string\"}}],\"inLanguage\":\"br-\"},{\"@type\":\"Organization\",\"@id\":\"https:\/\/tiarvro-bro-gwened.bzh\/br\/#organization\",\"name\":\"Ti ar Vro Bro Gwened\",\"url\":\"https:\/\/tiarvro-bro-gwened.bzh\/br\/\",\"logo\":{\"@type\":\"ImageObject\",\"inLanguage\":\"br-\",\"@id\":\"https:\/\/tiarvro-bro-gwened.bzh\/br\/#\/schema\/logo\/image\/\",\"url\":\"https:\/\/tiarvro-bro-gwened.bzh\/wp-content\/uploads\/2020\/04\/cropped-LOGO-COULEUR-0200.png\",\"contentUrl\":\"https:\/\/tiarvro-bro-gwened.bzh\/wp-content\/uploads\/2020\/04\/cropped-LOGO-COULEUR-0200.png\",\"width\":199,\"height\":99,\"caption\":\"Ti ar Vro Bro Gwened\"},\"image\":{\"@id\":\"https:\/\/tiarvro-bro-gwened.bzh\/br\/#\/schema\/logo\/image\/\"}}]}<\/script>\n<!-- \/ Yoast SEO plugin. -->","yoast_head_json":{"title":"Prizio\u00f9 2021 - Ti ar Vro Bro Gwened","description":"Trouvez des activit\u00e9s li\u00e9es \u00e0 la culture bretonne dans le Pays de Vannes: cours, conf\u00e9rences, concerts, expositions, d\u00e9couvertes...","robots":{"index":"index","follow":"follow","max-snippet":"max-snippet:-1","max-image-preview":"max-image-preview:large","max-video-preview":"max-video-preview:-1"},"canonical":"https:\/\/tiarvro-bro-gwened.bzh\/br\/news_bretagne\/priziou-2021\/","og_locale":"en_US","og_type":"article","og_title":"Prizio\u00f9 2021 - Ti ar Vro Bro Gwened","og_description":"Trouvez des activit\u00e9s li\u00e9es \u00e0 la culture bretonne dans le Pays de Vannes: cours, conf\u00e9rences, concerts, expositions, d\u00e9couvertes...","og_url":"https:\/\/tiarvro-bro-gwened.bzh\/br\/news_bretagne\/priziou-2021\/","og_site_name":"Ti ar Vro Bro Gwened","article_modified_time":"2021-02-19T11:15:53+00:00","og_image":[{"width":1280,"height":460,"url":"https:\/\/tiarvro-bro-gwened.bzh\/wp-content\/uploads\/2021\/02\/1280px-France_3_Bretagne_-_Logo_2018.svg.png","type":"image\/png"}],"twitter_card":"summary_large_image","twitter_misc":{"Est. reading time":"1 minute"},"schema":{"@context":"https:\/\/schema.org","@graph":[{"@type":"WebPage","@id":"https:\/\/tiarvro-bro-gwened.bzh\/br\/news_bretagne\/priziou-2021\/","url":"https:\/\/tiarvro-bro-gwened.bzh\/br\/news_bretagne\/priziou-2021\/","name":"Prizio\u00f9 2021 - Ti ar Vro Bro Gwened","isPartOf":{"@id":"https:\/\/tiarvro-bro-gwened.bzh\/br\/#website"},"primaryImageOfPage":{"@id":"https:\/\/tiarvro-bro-gwened.bzh\/br\/news_bretagne\/priziou-2021\/#primaryimage"},"image":{"@id":"https:\/\/tiarvro-bro-gwened.bzh\/br\/news_bretagne\/priziou-2021\/#primaryimage"},"thumbnailUrl":"https:\/\/tiarvro-bro-gwened.bzh\/wp-content\/uploads\/2021\/02\/1280px-France_3_Bretagne_-_Logo_2018.svg.png","datePublished":"2021-02-19T11:15:47+00:00","dateModified":"2021-02-19T11:15:53+00:00","description":"Trouvez des activit\u00e9s li\u00e9es \u00e0 la culture bretonne dans le Pays de Vannes: cours, conf\u00e9rences, concerts, expositions, d\u00e9couvertes...","breadcrumb":{"@id":"https:\/\/tiarvro-bro-gwened.bzh\/br\/news_bretagne\/priziou-2021\/#breadcrumb"},"inLanguage":"br-","potentialAction":[{"@type":"ReadAction","target":["https:\/\/tiarvro-bro-gwened.bzh\/br\/news_bretagne\/priziou-2021\/"]}]},{"@type":"ImageObject","inLanguage":"br-","@id":"https:\/\/tiarvro-bro-gwened.bzh\/br\/news_bretagne\/priziou-2021\/#primaryimage","url":"https:\/\/tiarvro-bro-gwened.bzh\/wp-content\/uploads\/2021\/02\/1280px-France_3_Bretagne_-_Logo_2018.svg.png","contentUrl":"https:\/\/tiarvro-bro-gwened.bzh\/wp-content\/uploads\/2021\/02\/1280px-France_3_Bretagne_-_Logo_2018.svg.png","width":1280,"height":460},{"@type":"BreadcrumbList","@id":"https:\/\/tiarvro-bro-gwened.bzh\/br\/news_bretagne\/priziou-2021\/#breadcrumb","itemListElement":[{"@type":"ListItem","position":1,"name":"Degemer","item":"https:\/\/tiarvro-bro-gwened.bzh\/br\/"},{"@type":"ListItem","position":2,"name":"Keleier","item":"https:\/\/tiarvro-bro-gwened.bzh\/br\/news_bretagne\/"},{"@type":"ListItem","position":3,"name":"Prizio\u00f9 2021"}]},{"@type":"WebSite","@id":"https:\/\/tiarvro-bro-gwened.bzh\/br\/#website","url":"https:\/\/tiarvro-bro-gwened.bzh\/br\/","name":"Ti ar Vro Bro Gwened","description":"Entente du Pays de Vannes","publisher":{"@id":"https:\/\/tiarvro-bro-gwened.bzh\/br\/#organization"},"potentialAction":[{"@type":"SearchAction","target":{"@type":"EntryPoint","urlTemplate":"https:\/\/tiarvro-bro-gwened.bzh\/br\/?s={search_term_string}"},"query-input":{"@type":"PropertyValueSpecification","valueRequired":true,"valueName":"search_term_string"}}],"inLanguage":"br-"},{"@type":"Organization","@id":"https:\/\/tiarvro-bro-gwened.bzh\/br\/#organization","name":"Ti ar Vro Bro Gwened","url":"https:\/\/tiarvro-bro-gwened.bzh\/br\/","logo":{"@type":"ImageObject","inLanguage":"br-","@id":"https:\/\/tiarvro-bro-gwened.bzh\/br\/#\/schema\/logo\/image\/","url":"https:\/\/tiarvro-bro-gwened.bzh\/wp-content\/uploads\/2020\/04\/cropped-LOGO-COULEUR-0200.png","contentUrl":"https:\/\/tiarvro-bro-gwened.bzh\/wp-content\/uploads\/2020\/04\/cropped-LOGO-COULEUR-0200.png","width":199,"height":99,"caption":"Ti ar Vro Bro Gwened"},"image":{"@id":"https:\/\/tiarvro-bro-gwened.bzh\/br\/#\/schema\/logo\/image\/"}}]}},"_links":{"self":[{"href":"https:\/\/tiarvro-bro-gwened.bzh\/br\/wp-json\/wp\/v2\/news_bretagne\/4043","targetHints":{"allow":["GET"]}}],"collection":[{"href":"https:\/\/tiarvro-bro-gwened.bzh\/br\/wp-json\/wp\/v2\/news_bretagne"}],"about":[{"href":"https:\/\/tiarvro-bro-gwened.bzh\/br\/wp-json\/wp\/v2\/types\/news_bretagne"}],"wp:featuredmedia":[{"embeddable":true,"href":"https:\/\/tiarvro-bro-gwened.bzh\/br\/wp-json\/wp\/v2\/media\/4042"}],"wp:attachment":[{"href":"https:\/\/tiarvro-bro-gwened.bzh\/br\/wp-json\/wp\/v2\/media?parent=4043"}],"curies":[{"name":"wp","href":"https:\/\/api.w.org\/{rel}","templated":true}]}}