{"id":4002,"date":"2021-01-05T16:13:15","date_gmt":"2021-01-05T15:13:15","guid":{"rendered":"https:\/\/tiarvro-bro-gwened.bzh\/news_bretagne\/gwellan-hetou\/"},"modified":"2021-01-05T16:13:15","modified_gmt":"2021-01-05T15:13:15","slug":"gwellan-hetou","status":"publish","type":"news_bretagne","link":"https:\/\/tiarvro-bro-gwened.bzh\/br\/news_bretagne\/gwellan-hetou\/","title":{"rendered":"Gwella\u00f1 Heto\u00f9"},"content":{"rendered":"<p><img fetchpriority=\"high\" decoding=\"async\" class=\"aligncenter size-large wp-image-3998\" src=\"https:\/\/tiarvro-bro-gwened.bzh\/wp-content\/uploads\/2021\/01\/hetou-voeux-2021-6-1024x724.png\" alt=\"\" width=\"800\" height=\"566\" \/><\/p>\n","protected":false},"excerpt":{"rendered":"<p>Ar vuhez sevenadurel ha kevredigezhel a zo o tiwana\u00f1 a-nevez &#8230;<\/p>\n","protected":false},"featured_media":4001,"template":"","class_list":["post-4002","news_bretagne","type-news_bretagne","status-publish","has-post-thumbnail","hentry"],"acf":[],"yoast_head":"<!-- This site is optimized with the Yoast SEO plugin v26.9 - https:\/\/yoast.com\/product\/yoast-seo-wordpress\/ -->\n<title>Gwella\u00f1 Heto\u00f9 - Ti ar Vro Bro Gwened<\/title>\n<meta name=\"description\" content=\"Trouvez des activit\u00e9s li\u00e9es \u00e0 la culture bretonne dans le Pays de Vannes: cours, conf\u00e9rences, concerts, expositions, d\u00e9couvertes...\" \/>\n<meta name=\"robots\" content=\"index, follow, max-snippet:-1, max-image-preview:large, max-video-preview:-1\" \/>\n<link rel=\"canonical\" href=\"https:\/\/tiarvro-bro-gwened.bzh\/br\/news_bretagne\/gwellan-hetou\/\" \/>\n<meta property=\"og:locale\" content=\"en_US\" \/>\n<meta property=\"og:type\" content=\"article\" \/>\n<meta property=\"og:title\" content=\"Gwella\u00f1 Heto\u00f9 - Ti ar Vro Bro Gwened\" \/>\n<meta property=\"og:description\" content=\"Trouvez des activit\u00e9s li\u00e9es \u00e0 la culture bretonne dans le Pays de Vannes: cours, conf\u00e9rences, concerts, expositions, d\u00e9couvertes...\" \/>\n<meta property=\"og:url\" content=\"https:\/\/tiarvro-bro-gwened.bzh\/br\/news_bretagne\/gwellan-hetou\/\" \/>\n<meta property=\"og:site_name\" content=\"Ti ar Vro Bro Gwened\" \/>\n<meta property=\"og:image\" content=\"https:\/\/tiarvro-bro-gwened.bzh\/wp-content\/uploads\/2021\/01\/Fest-Ti-ar-Vro-samedi-23-mai-Vannes-GB-scaled.jpg\" \/>\n\t<meta property=\"og:image:width\" content=\"2560\" \/>\n\t<meta property=\"og:image:height\" content=\"1707\" \/>\n\t<meta property=\"og:image:type\" content=\"image\/jpeg\" \/>\n<meta name=\"twitter:card\" content=\"summary_large_image\" \/>\n<script type=\"application\/ld+json\" class=\"yoast-schema-graph\">{\"@context\":\"https:\/\/schema.org\",\"@graph\":[{\"@type\":\"WebPage\",\"@id\":\"https:\/\/tiarvro-bro-gwened.bzh\/br\/news_bretagne\/gwellan-hetou\/\",\"url\":\"https:\/\/tiarvro-bro-gwened.bzh\/br\/news_bretagne\/gwellan-hetou\/\",\"name\":\"Gwella\u00f1 Heto\u00f9 - Ti ar Vro Bro Gwened\",\"isPartOf\":{\"@id\":\"https:\/\/tiarvro-bro-gwened.bzh\/br\/#website\"},\"primaryImageOfPage\":{\"@id\":\"https:\/\/tiarvro-bro-gwened.bzh\/br\/news_bretagne\/gwellan-hetou\/#primaryimage\"},\"image\":{\"@id\":\"https:\/\/tiarvro-bro-gwened.bzh\/br\/news_bretagne\/gwellan-hetou\/#primaryimage\"},\"thumbnailUrl\":\"https:\/\/tiarvro-bro-gwened.bzh\/wp-content\/uploads\/2021\/01\/Fest-Ti-ar-Vro-samedi-23-mai-Vannes-GB-scaled.jpg\",\"datePublished\":\"2021-01-05T15:13:15+00:00\",\"description\":\"Trouvez des activit\u00e9s li\u00e9es \u00e0 la culture bretonne dans le Pays de Vannes: cours, conf\u00e9rences, concerts, expositions, d\u00e9couvertes...\",\"breadcrumb\":{\"@id\":\"https:\/\/tiarvro-bro-gwened.bzh\/br\/news_bretagne\/gwellan-hetou\/#breadcrumb\"},\"inLanguage\":\"br-\",\"potentialAction\":[{\"@type\":\"ReadAction\",\"target\":[\"https:\/\/tiarvro-bro-gwened.bzh\/br\/news_bretagne\/gwellan-hetou\/\"]}]},{\"@type\":\"ImageObject\",\"inLanguage\":\"br-\",\"@id\":\"https:\/\/tiarvro-bro-gwened.bzh\/br\/news_bretagne\/gwellan-hetou\/#primaryimage\",\"url\":\"https:\/\/tiarvro-bro-gwened.bzh\/wp-content\/uploads\/2021\/01\/Fest-Ti-ar-Vro-samedi-23-mai-Vannes-GB-scaled.jpg\",\"contentUrl\":\"https:\/\/tiarvro-bro-gwened.bzh\/wp-content\/uploads\/2021\/01\/Fest-Ti-ar-Vro-samedi-23-mai-Vannes-GB-scaled.jpg\",\"width\":2560,\"height\":1707},{\"@type\":\"BreadcrumbList\",\"@id\":\"https:\/\/tiarvro-bro-gwened.bzh\/br\/news_bretagne\/gwellan-hetou\/#breadcrumb\",\"itemListElement\":[{\"@type\":\"ListItem\",\"position\":1,\"name\":\"Degemer\",\"item\":\"https:\/\/tiarvro-bro-gwened.bzh\/br\/\"},{\"@type\":\"ListItem\",\"position\":2,\"name\":\"Keleier\",\"item\":\"https:\/\/tiarvro-bro-gwened.bzh\/br\/news_bretagne\/\"},{\"@type\":\"ListItem\",\"position\":3,\"name\":\"Gwella\u00f1 Heto\u00f9\"}]},{\"@type\":\"WebSite\",\"@id\":\"https:\/\/tiarvro-bro-gwened.bzh\/br\/#website\",\"url\":\"https:\/\/tiarvro-bro-gwened.bzh\/br\/\",\"name\":\"Ti ar Vro Bro Gwened\",\"description\":\"Entente du Pays de Vannes\",\"publisher\":{\"@id\":\"https:\/\/tiarvro-bro-gwened.bzh\/br\/#organization\"},\"potentialAction\":[{\"@type\":\"SearchAction\",\"target\":{\"@type\":\"EntryPoint\",\"urlTemplate\":\"https:\/\/tiarvro-bro-gwened.bzh\/br\/?s={search_term_string}\"},\"query-input\":{\"@type\":\"PropertyValueSpecification\",\"valueRequired\":true,\"valueName\":\"search_term_string\"}}],\"inLanguage\":\"br-\"},{\"@type\":\"Organization\",\"@id\":\"https:\/\/tiarvro-bro-gwened.bzh\/br\/#organization\",\"name\":\"Ti ar Vro Bro Gwened\",\"url\":\"https:\/\/tiarvro-bro-gwened.bzh\/br\/\",\"logo\":{\"@type\":\"ImageObject\",\"inLanguage\":\"br-\",\"@id\":\"https:\/\/tiarvro-bro-gwened.bzh\/br\/#\/schema\/logo\/image\/\",\"url\":\"https:\/\/tiarvro-bro-gwened.bzh\/wp-content\/uploads\/2020\/04\/cropped-LOGO-COULEUR-0200.png\",\"contentUrl\":\"https:\/\/tiarvro-bro-gwened.bzh\/wp-content\/uploads\/2020\/04\/cropped-LOGO-COULEUR-0200.png\",\"width\":199,\"height\":99,\"caption\":\"Ti ar Vro Bro Gwened\"},\"image\":{\"@id\":\"https:\/\/tiarvro-bro-gwened.bzh\/br\/#\/schema\/logo\/image\/\"}}]}<\/script>\n<!-- \/ Yoast SEO plugin. -->","yoast_head_json":{"title":"Gwella\u00f1 Heto\u00f9 - Ti ar Vro Bro Gwened","description":"Trouvez des activit\u00e9s li\u00e9es \u00e0 la culture bretonne dans le Pays de Vannes: cours, conf\u00e9rences, concerts, expositions, d\u00e9couvertes...","robots":{"index":"index","follow":"follow","max-snippet":"max-snippet:-1","max-image-preview":"max-image-preview:large","max-video-preview":"max-video-preview:-1"},"canonical":"https:\/\/tiarvro-bro-gwened.bzh\/br\/news_bretagne\/gwellan-hetou\/","og_locale":"en_US","og_type":"article","og_title":"Gwella\u00f1 Heto\u00f9 - Ti ar Vro Bro Gwened","og_description":"Trouvez des activit\u00e9s li\u00e9es \u00e0 la culture bretonne dans le Pays de Vannes: cours, conf\u00e9rences, concerts, expositions, d\u00e9couvertes...","og_url":"https:\/\/tiarvro-bro-gwened.bzh\/br\/news_bretagne\/gwellan-hetou\/","og_site_name":"Ti ar Vro Bro Gwened","og_image":[{"width":2560,"height":1707,"url":"https:\/\/tiarvro-bro-gwened.bzh\/wp-content\/uploads\/2021\/01\/Fest-Ti-ar-Vro-samedi-23-mai-Vannes-GB-scaled.jpg","type":"image\/jpeg"}],"twitter_card":"summary_large_image","schema":{"@context":"https:\/\/schema.org","@graph":[{"@type":"WebPage","@id":"https:\/\/tiarvro-bro-gwened.bzh\/br\/news_bretagne\/gwellan-hetou\/","url":"https:\/\/tiarvro-bro-gwened.bzh\/br\/news_bretagne\/gwellan-hetou\/","name":"Gwella\u00f1 Heto\u00f9 - Ti ar Vro Bro Gwened","isPartOf":{"@id":"https:\/\/tiarvro-bro-gwened.bzh\/br\/#website"},"primaryImageOfPage":{"@id":"https:\/\/tiarvro-bro-gwened.bzh\/br\/news_bretagne\/gwellan-hetou\/#primaryimage"},"image":{"@id":"https:\/\/tiarvro-bro-gwened.bzh\/br\/news_bretagne\/gwellan-hetou\/#primaryimage"},"thumbnailUrl":"https:\/\/tiarvro-bro-gwened.bzh\/wp-content\/uploads\/2021\/01\/Fest-Ti-ar-Vro-samedi-23-mai-Vannes-GB-scaled.jpg","datePublished":"2021-01-05T15:13:15+00:00","description":"Trouvez des activit\u00e9s li\u00e9es \u00e0 la culture bretonne dans le Pays de Vannes: cours, conf\u00e9rences, concerts, expositions, d\u00e9couvertes...","breadcrumb":{"@id":"https:\/\/tiarvro-bro-gwened.bzh\/br\/news_bretagne\/gwellan-hetou\/#breadcrumb"},"inLanguage":"br-","potentialAction":[{"@type":"ReadAction","target":["https:\/\/tiarvro-bro-gwened.bzh\/br\/news_bretagne\/gwellan-hetou\/"]}]},{"@type":"ImageObject","inLanguage":"br-","@id":"https:\/\/tiarvro-bro-gwened.bzh\/br\/news_bretagne\/gwellan-hetou\/#primaryimage","url":"https:\/\/tiarvro-bro-gwened.bzh\/wp-content\/uploads\/2021\/01\/Fest-Ti-ar-Vro-samedi-23-mai-Vannes-GB-scaled.jpg","contentUrl":"https:\/\/tiarvro-bro-gwened.bzh\/wp-content\/uploads\/2021\/01\/Fest-Ti-ar-Vro-samedi-23-mai-Vannes-GB-scaled.jpg","width":2560,"height":1707},{"@type":"BreadcrumbList","@id":"https:\/\/tiarvro-bro-gwened.bzh\/br\/news_bretagne\/gwellan-hetou\/#breadcrumb","itemListElement":[{"@type":"ListItem","position":1,"name":"Degemer","item":"https:\/\/tiarvro-bro-gwened.bzh\/br\/"},{"@type":"ListItem","position":2,"name":"Keleier","item":"https:\/\/tiarvro-bro-gwened.bzh\/br\/news_bretagne\/"},{"@type":"ListItem","position":3,"name":"Gwella\u00f1 Heto\u00f9"}]},{"@type":"WebSite","@id":"https:\/\/tiarvro-bro-gwened.bzh\/br\/#website","url":"https:\/\/tiarvro-bro-gwened.bzh\/br\/","name":"Ti ar Vro Bro Gwened","description":"Entente du Pays de Vannes","publisher":{"@id":"https:\/\/tiarvro-bro-gwened.bzh\/br\/#organization"},"potentialAction":[{"@type":"SearchAction","target":{"@type":"EntryPoint","urlTemplate":"https:\/\/tiarvro-bro-gwened.bzh\/br\/?s={search_term_string}"},"query-input":{"@type":"PropertyValueSpecification","valueRequired":true,"valueName":"search_term_string"}}],"inLanguage":"br-"},{"@type":"Organization","@id":"https:\/\/tiarvro-bro-gwened.bzh\/br\/#organization","name":"Ti ar Vro Bro Gwened","url":"https:\/\/tiarvro-bro-gwened.bzh\/br\/","logo":{"@type":"ImageObject","inLanguage":"br-","@id":"https:\/\/tiarvro-bro-gwened.bzh\/br\/#\/schema\/logo\/image\/","url":"https:\/\/tiarvro-bro-gwened.bzh\/wp-content\/uploads\/2020\/04\/cropped-LOGO-COULEUR-0200.png","contentUrl":"https:\/\/tiarvro-bro-gwened.bzh\/wp-content\/uploads\/2020\/04\/cropped-LOGO-COULEUR-0200.png","width":199,"height":99,"caption":"Ti ar Vro Bro Gwened"},"image":{"@id":"https:\/\/tiarvro-bro-gwened.bzh\/br\/#\/schema\/logo\/image\/"}}]}},"_links":{"self":[{"href":"https:\/\/tiarvro-bro-gwened.bzh\/br\/wp-json\/wp\/v2\/news_bretagne\/4002","targetHints":{"allow":["GET"]}}],"collection":[{"href":"https:\/\/tiarvro-bro-gwened.bzh\/br\/wp-json\/wp\/v2\/news_bretagne"}],"about":[{"href":"https:\/\/tiarvro-bro-gwened.bzh\/br\/wp-json\/wp\/v2\/types\/news_bretagne"}],"wp:featuredmedia":[{"embeddable":true,"href":"https:\/\/tiarvro-bro-gwened.bzh\/br\/wp-json\/wp\/v2\/media\/4001"}],"wp:attachment":[{"href":"https:\/\/tiarvro-bro-gwened.bzh\/br\/wp-json\/wp\/v2\/media?parent=4002"}],"curies":[{"name":"wp","href":"https:\/\/api.w.org\/{rel}","templated":true}]}}