{"id":3986,"date":"2020-12-04T14:54:03","date_gmt":"2020-12-04T13:54:03","guid":{"rendered":"https:\/\/tiarvro-bro-gwened.bzh\/news_bretagne\/sonerezh-ha-brezhoneg-e-skol-kliskoed-e-gwened\/"},"modified":"2020-12-04T14:54:03","modified_gmt":"2020-12-04T13:54:03","slug":"sonerezh-ha-brezhoneg-e-skol-kliskoed-e-gwened","status":"publish","type":"news_bretagne","link":"https:\/\/tiarvro-bro-gwened.bzh\/br\/news_bretagne\/sonerezh-ha-brezhoneg-e-skol-kliskoed-e-gwened\/","title":{"rendered":"Sonerezh ha brezhoneg e Skol Kliskoed e Gwened"},"content":{"rendered":"<p><img fetchpriority=\"high\" decoding=\"async\" class=\"alignleft size-medium wp-image-3980\" src=\"https:\/\/tiarvro-bro-gwened.bzh\/wp-content\/uploads\/2020\/12\/IMG_20201201_114649-300x225.jpg\" alt=\"\" width=\"300\" height=\"225\" srcset=\"https:\/\/tiarvro-bro-gwened.bzh\/wp-content\/uploads\/2020\/12\/IMG_20201201_114649-300x225.jpg 300w, https:\/\/tiarvro-bro-gwened.bzh\/wp-content\/uploads\/2020\/12\/IMG_20201201_114649-1024x768.jpg 1024w, https:\/\/tiarvro-bro-gwened.bzh\/wp-content\/uploads\/2020\/12\/IMG_20201201_114649-768x576.jpg 768w, https:\/\/tiarvro-bro-gwened.bzh\/wp-content\/uploads\/2020\/12\/IMG_20201201_114649-1536x1152.jpg 1536w, https:\/\/tiarvro-bro-gwened.bzh\/wp-content\/uploads\/2020\/12\/IMG_20201201_114649-2048x1536.jpg 2048w\" sizes=\"(max-width: 300px) 100vw, 300px\" \/>Morgan zo deuet d\u2019ober ur staj e brezhoneg e Ti ar Vro Gwened ar sizhun-ma\u00f1. O teski\u00f1 brezhoneg ema\u00f1 e Skol Emsav e Roazhon.<br \/>\nAet eo er Skol Kliskoed dimeurzh vintin evit ober un abadenn sonerezh gant ur strollad bihan, bugale skol-vamm.<br \/>\nTa\u00f1vet o deus brezhoneg gant Anne-Claire e-pad pemp abadenn, e-pad an APM \u201cAtelier de Pause M\u00e9ridienne\u201d.<\/p>\n<p>&nbsp;<\/p>\n<p><img decoding=\"async\" class=\"alignright size-medium wp-image-3982\" src=\"https:\/\/tiarvro-bro-gwened.bzh\/wp-content\/uploads\/2020\/12\/IMG_20201201_115245-300x225.jpg\" alt=\"\" width=\"300\" height=\"225\" srcset=\"https:\/\/tiarvro-bro-gwened.bzh\/wp-content\/uploads\/2020\/12\/IMG_20201201_115245-300x225.jpg 300w, https:\/\/tiarvro-bro-gwened.bzh\/wp-content\/uploads\/2020\/12\/IMG_20201201_115245-1024x768.jpg 1024w, https:\/\/tiarvro-bro-gwened.bzh\/wp-content\/uploads\/2020\/12\/IMG_20201201_115245-768x576.jpg 768w, https:\/\/tiarvro-bro-gwened.bzh\/wp-content\/uploads\/2020\/12\/IMG_20201201_115245-1536x1152.jpg 1536w, https:\/\/tiarvro-bro-gwened.bzh\/wp-content\/uploads\/2020\/12\/IMG_20201201_115245-2048x1536.jpg 2048w\" sizes=\"(max-width: 300px) 100vw, 300px\" \/><\/p>\n<p>&nbsp;<\/p>\n<p>Kanet ha da\u00f1set \u2019neus ganto. Ar pemp bugel o deus dizolet al lusk. Tozerezh a vez sonet ganto.<br \/>\nLabouret \u2018neus da c\u2019houde gant ar re vras en ur zeski\u00f1 toserezh korf.<\/p>\n<p>Plijus oa meska\u00f1 sonerezh ha brezhoneg !<\/p>\n<p>Morgan, 02\/12\/20<\/p>\n<p>&nbsp;<\/p>\n<div style=\"width: 800px;\" class=\"wp-video\"><video class=\"wp-video-shortcode\" id=\"video-3986-1\" width=\"800\" height=\"450\" preload=\"metadata\" controls=\"controls\"><source type=\"video\/mp4\" src=\"https:\/\/tiarvro-bro-gwened.bzh\/wp-content\/uploads\/2020\/12\/VID_20201201_114738.mp4?_=1\" \/><a href=\"https:\/\/tiarvro-bro-gwened.bzh\/wp-content\/uploads\/2020\/12\/VID_20201201_114738.mp4\">https:\/\/tiarvro-bro-gwened.bzh\/wp-content\/uploads\/2020\/12\/VID_20201201_114738.mp4<\/a><\/video><\/div>\n","protected":false},"excerpt":{"rendered":"<p>Morgan zo deuet d\u2019ober ur staj e brezhoneg e Ti ar Vro Gwened ar sizhun-ma\u00f1. O teski\u00f1 brezhoneg ema\u00f1 e Skol Emsav e Roazhon.<\/p>\n","protected":false},"featured_media":3981,"template":"","class_list":["post-3986","news_bretagne","type-news_bretagne","status-publish","has-post-thumbnail","hentry"],"acf":[],"yoast_head":"<!-- This site is optimized with the Yoast SEO plugin v26.9 - https:\/\/yoast.com\/product\/yoast-seo-wordpress\/ -->\n<title>Sonerezh ha brezhoneg e Skol Kliskoed e Gwened - Ti ar Vro Bro Gwened<\/title>\n<meta name=\"description\" content=\"Trouvez des activit\u00e9s li\u00e9es \u00e0 la culture bretonne dans le Pays de Vannes: cours, conf\u00e9rences, concerts, expositions, d\u00e9couvertes...\" \/>\n<meta name=\"robots\" content=\"index, follow, max-snippet:-1, max-image-preview:large, max-video-preview:-1\" \/>\n<link rel=\"canonical\" href=\"https:\/\/tiarvro-bro-gwened.bzh\/br\/news_bretagne\/sonerezh-ha-brezhoneg-e-skol-kliskoed-e-gwened\/\" \/>\n<meta property=\"og:locale\" content=\"en_US\" \/>\n<meta property=\"og:type\" content=\"article\" \/>\n<meta property=\"og:title\" content=\"Sonerezh ha brezhoneg e Skol Kliskoed e Gwened - Ti ar Vro Bro Gwened\" \/>\n<meta property=\"og:description\" content=\"Trouvez des activit\u00e9s li\u00e9es \u00e0 la culture bretonne dans le Pays de Vannes: cours, conf\u00e9rences, concerts, expositions, d\u00e9couvertes...\" \/>\n<meta property=\"og:url\" content=\"https:\/\/tiarvro-bro-gwened.bzh\/br\/news_bretagne\/sonerezh-ha-brezhoneg-e-skol-kliskoed-e-gwened\/\" \/>\n<meta property=\"og:site_name\" content=\"Ti ar Vro Bro Gwened\" \/>\n<meta property=\"og:image\" content=\"https:\/\/tiarvro-bro-gwened.bzh\/wp-content\/uploads\/2020\/12\/IMG_20201201_114649-scaled.jpg\" \/>\n\t<meta property=\"og:image:width\" content=\"2560\" \/>\n\t<meta property=\"og:image:height\" content=\"1920\" \/>\n\t<meta property=\"og:image:type\" content=\"image\/jpeg\" \/>\n<meta name=\"twitter:card\" content=\"summary_large_image\" \/>\n<meta name=\"twitter:label1\" content=\"Est. reading time\" \/>\n\t<meta name=\"twitter:data1\" content=\"1 minute\" \/>\n<script type=\"application\/ld+json\" class=\"yoast-schema-graph\">{\"@context\":\"https:\/\/schema.org\",\"@graph\":[{\"@type\":\"WebPage\",\"@id\":\"https:\/\/tiarvro-bro-gwened.bzh\/br\/news_bretagne\/sonerezh-ha-brezhoneg-e-skol-kliskoed-e-gwened\/\",\"url\":\"https:\/\/tiarvro-bro-gwened.bzh\/br\/news_bretagne\/sonerezh-ha-brezhoneg-e-skol-kliskoed-e-gwened\/\",\"name\":\"Sonerezh ha brezhoneg e Skol Kliskoed e Gwened - Ti ar Vro Bro Gwened\",\"isPartOf\":{\"@id\":\"https:\/\/tiarvro-bro-gwened.bzh\/br\/#website\"},\"primaryImageOfPage\":{\"@id\":\"https:\/\/tiarvro-bro-gwened.bzh\/br\/news_bretagne\/sonerezh-ha-brezhoneg-e-skol-kliskoed-e-gwened\/#primaryimage\"},\"image\":{\"@id\":\"https:\/\/tiarvro-bro-gwened.bzh\/br\/news_bretagne\/sonerezh-ha-brezhoneg-e-skol-kliskoed-e-gwened\/#primaryimage\"},\"thumbnailUrl\":\"https:\/\/tiarvro-bro-gwened.bzh\/wp-content\/uploads\/2020\/12\/IMG_20201201_114649-scaled.jpg\",\"datePublished\":\"2020-12-04T13:54:03+00:00\",\"description\":\"Trouvez des activit\u00e9s li\u00e9es \u00e0 la culture bretonne dans le Pays de Vannes: cours, conf\u00e9rences, concerts, expositions, d\u00e9couvertes...\",\"breadcrumb\":{\"@id\":\"https:\/\/tiarvro-bro-gwened.bzh\/br\/news_bretagne\/sonerezh-ha-brezhoneg-e-skol-kliskoed-e-gwened\/#breadcrumb\"},\"inLanguage\":\"br-\",\"potentialAction\":[{\"@type\":\"ReadAction\",\"target\":[\"https:\/\/tiarvro-bro-gwened.bzh\/br\/news_bretagne\/sonerezh-ha-brezhoneg-e-skol-kliskoed-e-gwened\/\"]}]},{\"@type\":\"ImageObject\",\"inLanguage\":\"br-\",\"@id\":\"https:\/\/tiarvro-bro-gwened.bzh\/br\/news_bretagne\/sonerezh-ha-brezhoneg-e-skol-kliskoed-e-gwened\/#primaryimage\",\"url\":\"https:\/\/tiarvro-bro-gwened.bzh\/wp-content\/uploads\/2020\/12\/IMG_20201201_114649-scaled.jpg\",\"contentUrl\":\"https:\/\/tiarvro-bro-gwened.bzh\/wp-content\/uploads\/2020\/12\/IMG_20201201_114649-scaled.jpg\",\"width\":2560,\"height\":1920},{\"@type\":\"BreadcrumbList\",\"@id\":\"https:\/\/tiarvro-bro-gwened.bzh\/br\/news_bretagne\/sonerezh-ha-brezhoneg-e-skol-kliskoed-e-gwened\/#breadcrumb\",\"itemListElement\":[{\"@type\":\"ListItem\",\"position\":1,\"name\":\"Degemer\",\"item\":\"https:\/\/tiarvro-bro-gwened.bzh\/br\/\"},{\"@type\":\"ListItem\",\"position\":2,\"name\":\"Keleier\",\"item\":\"https:\/\/tiarvro-bro-gwened.bzh\/br\/news_bretagne\/\"},{\"@type\":\"ListItem\",\"position\":3,\"name\":\"Sonerezh ha brezhoneg e Skol Kliskoed e Gwened\"}]},{\"@type\":\"WebSite\",\"@id\":\"https:\/\/tiarvro-bro-gwened.bzh\/br\/#website\",\"url\":\"https:\/\/tiarvro-bro-gwened.bzh\/br\/\",\"name\":\"Ti ar Vro Bro Gwened\",\"description\":\"Entente du Pays de Vannes\",\"publisher\":{\"@id\":\"https:\/\/tiarvro-bro-gwened.bzh\/br\/#organization\"},\"potentialAction\":[{\"@type\":\"SearchAction\",\"target\":{\"@type\":\"EntryPoint\",\"urlTemplate\":\"https:\/\/tiarvro-bro-gwened.bzh\/br\/?s={search_term_string}\"},\"query-input\":{\"@type\":\"PropertyValueSpecification\",\"valueRequired\":true,\"valueName\":\"search_term_string\"}}],\"inLanguage\":\"br-\"},{\"@type\":\"Organization\",\"@id\":\"https:\/\/tiarvro-bro-gwened.bzh\/br\/#organization\",\"name\":\"Ti ar Vro Bro Gwened\",\"url\":\"https:\/\/tiarvro-bro-gwened.bzh\/br\/\",\"logo\":{\"@type\":\"ImageObject\",\"inLanguage\":\"br-\",\"@id\":\"https:\/\/tiarvro-bro-gwened.bzh\/br\/#\/schema\/logo\/image\/\",\"url\":\"https:\/\/tiarvro-bro-gwened.bzh\/wp-content\/uploads\/2020\/04\/cropped-LOGO-COULEUR-0200.png\",\"contentUrl\":\"https:\/\/tiarvro-bro-gwened.bzh\/wp-content\/uploads\/2020\/04\/cropped-LOGO-COULEUR-0200.png\",\"width\":199,\"height\":99,\"caption\":\"Ti ar Vro Bro Gwened\"},\"image\":{\"@id\":\"https:\/\/tiarvro-bro-gwened.bzh\/br\/#\/schema\/logo\/image\/\"}}]}<\/script>\n<!-- \/ Yoast SEO plugin. -->","yoast_head_json":{"title":"Sonerezh ha brezhoneg e Skol Kliskoed e Gwened - Ti ar Vro Bro Gwened","description":"Trouvez des activit\u00e9s li\u00e9es \u00e0 la culture bretonne dans le Pays de Vannes: cours, conf\u00e9rences, concerts, expositions, d\u00e9couvertes...","robots":{"index":"index","follow":"follow","max-snippet":"max-snippet:-1","max-image-preview":"max-image-preview:large","max-video-preview":"max-video-preview:-1"},"canonical":"https:\/\/tiarvro-bro-gwened.bzh\/br\/news_bretagne\/sonerezh-ha-brezhoneg-e-skol-kliskoed-e-gwened\/","og_locale":"en_US","og_type":"article","og_title":"Sonerezh ha brezhoneg e Skol Kliskoed e Gwened - Ti ar Vro Bro Gwened","og_description":"Trouvez des activit\u00e9s li\u00e9es \u00e0 la culture bretonne dans le Pays de Vannes: cours, conf\u00e9rences, concerts, expositions, d\u00e9couvertes...","og_url":"https:\/\/tiarvro-bro-gwened.bzh\/br\/news_bretagne\/sonerezh-ha-brezhoneg-e-skol-kliskoed-e-gwened\/","og_site_name":"Ti ar Vro Bro Gwened","og_image":[{"width":2560,"height":1920,"url":"https:\/\/tiarvro-bro-gwened.bzh\/wp-content\/uploads\/2020\/12\/IMG_20201201_114649-scaled.jpg","type":"image\/jpeg"}],"twitter_card":"summary_large_image","twitter_misc":{"Est. reading time":"1 minute"},"schema":{"@context":"https:\/\/schema.org","@graph":[{"@type":"WebPage","@id":"https:\/\/tiarvro-bro-gwened.bzh\/br\/news_bretagne\/sonerezh-ha-brezhoneg-e-skol-kliskoed-e-gwened\/","url":"https:\/\/tiarvro-bro-gwened.bzh\/br\/news_bretagne\/sonerezh-ha-brezhoneg-e-skol-kliskoed-e-gwened\/","name":"Sonerezh ha brezhoneg e Skol Kliskoed e Gwened - Ti ar Vro Bro Gwened","isPartOf":{"@id":"https:\/\/tiarvro-bro-gwened.bzh\/br\/#website"},"primaryImageOfPage":{"@id":"https:\/\/tiarvro-bro-gwened.bzh\/br\/news_bretagne\/sonerezh-ha-brezhoneg-e-skol-kliskoed-e-gwened\/#primaryimage"},"image":{"@id":"https:\/\/tiarvro-bro-gwened.bzh\/br\/news_bretagne\/sonerezh-ha-brezhoneg-e-skol-kliskoed-e-gwened\/#primaryimage"},"thumbnailUrl":"https:\/\/tiarvro-bro-gwened.bzh\/wp-content\/uploads\/2020\/12\/IMG_20201201_114649-scaled.jpg","datePublished":"2020-12-04T13:54:03+00:00","description":"Trouvez des activit\u00e9s li\u00e9es \u00e0 la culture bretonne dans le Pays de Vannes: cours, conf\u00e9rences, concerts, expositions, d\u00e9couvertes...","breadcrumb":{"@id":"https:\/\/tiarvro-bro-gwened.bzh\/br\/news_bretagne\/sonerezh-ha-brezhoneg-e-skol-kliskoed-e-gwened\/#breadcrumb"},"inLanguage":"br-","potentialAction":[{"@type":"ReadAction","target":["https:\/\/tiarvro-bro-gwened.bzh\/br\/news_bretagne\/sonerezh-ha-brezhoneg-e-skol-kliskoed-e-gwened\/"]}]},{"@type":"ImageObject","inLanguage":"br-","@id":"https:\/\/tiarvro-bro-gwened.bzh\/br\/news_bretagne\/sonerezh-ha-brezhoneg-e-skol-kliskoed-e-gwened\/#primaryimage","url":"https:\/\/tiarvro-bro-gwened.bzh\/wp-content\/uploads\/2020\/12\/IMG_20201201_114649-scaled.jpg","contentUrl":"https:\/\/tiarvro-bro-gwened.bzh\/wp-content\/uploads\/2020\/12\/IMG_20201201_114649-scaled.jpg","width":2560,"height":1920},{"@type":"BreadcrumbList","@id":"https:\/\/tiarvro-bro-gwened.bzh\/br\/news_bretagne\/sonerezh-ha-brezhoneg-e-skol-kliskoed-e-gwened\/#breadcrumb","itemListElement":[{"@type":"ListItem","position":1,"name":"Degemer","item":"https:\/\/tiarvro-bro-gwened.bzh\/br\/"},{"@type":"ListItem","position":2,"name":"Keleier","item":"https:\/\/tiarvro-bro-gwened.bzh\/br\/news_bretagne\/"},{"@type":"ListItem","position":3,"name":"Sonerezh ha brezhoneg e Skol Kliskoed e Gwened"}]},{"@type":"WebSite","@id":"https:\/\/tiarvro-bro-gwened.bzh\/br\/#website","url":"https:\/\/tiarvro-bro-gwened.bzh\/br\/","name":"Ti ar Vro Bro Gwened","description":"Entente du Pays de Vannes","publisher":{"@id":"https:\/\/tiarvro-bro-gwened.bzh\/br\/#organization"},"potentialAction":[{"@type":"SearchAction","target":{"@type":"EntryPoint","urlTemplate":"https:\/\/tiarvro-bro-gwened.bzh\/br\/?s={search_term_string}"},"query-input":{"@type":"PropertyValueSpecification","valueRequired":true,"valueName":"search_term_string"}}],"inLanguage":"br-"},{"@type":"Organization","@id":"https:\/\/tiarvro-bro-gwened.bzh\/br\/#organization","name":"Ti ar Vro Bro Gwened","url":"https:\/\/tiarvro-bro-gwened.bzh\/br\/","logo":{"@type":"ImageObject","inLanguage":"br-","@id":"https:\/\/tiarvro-bro-gwened.bzh\/br\/#\/schema\/logo\/image\/","url":"https:\/\/tiarvro-bro-gwened.bzh\/wp-content\/uploads\/2020\/04\/cropped-LOGO-COULEUR-0200.png","contentUrl":"https:\/\/tiarvro-bro-gwened.bzh\/wp-content\/uploads\/2020\/04\/cropped-LOGO-COULEUR-0200.png","width":199,"height":99,"caption":"Ti ar Vro Bro Gwened"},"image":{"@id":"https:\/\/tiarvro-bro-gwened.bzh\/br\/#\/schema\/logo\/image\/"}}]}},"_links":{"self":[{"href":"https:\/\/tiarvro-bro-gwened.bzh\/br\/wp-json\/wp\/v2\/news_bretagne\/3986","targetHints":{"allow":["GET"]}}],"collection":[{"href":"https:\/\/tiarvro-bro-gwened.bzh\/br\/wp-json\/wp\/v2\/news_bretagne"}],"about":[{"href":"https:\/\/tiarvro-bro-gwened.bzh\/br\/wp-json\/wp\/v2\/types\/news_bretagne"}],"wp:featuredmedia":[{"embeddable":true,"href":"https:\/\/tiarvro-bro-gwened.bzh\/br\/wp-json\/wp\/v2\/media\/3981"}],"wp:attachment":[{"href":"https:\/\/tiarvro-bro-gwened.bzh\/br\/wp-json\/wp\/v2\/media?parent=3986"}],"curies":[{"name":"wp","href":"https:\/\/api.w.org\/{rel}","templated":true}]}}