{"id":3978,"date":"2020-12-04T12:21:56","date_gmt":"2020-12-04T11:21:56","guid":{"rendered":"https:\/\/tiarvro-bro-gwened.bzh\/news_bretagne\/abadennou-e-brezhoneg-e-steunv-esteurel-ul-levr-emgav-gant-un-oberour-hag-ur-skeudennour-evit-ar-re-yaouank-eus-gmva\/"},"modified":"2020-12-04T12:21:56","modified_gmt":"2020-12-04T11:21:56","slug":"abadennou-e-brezhoneg-e-steunv-esteurel-ul-levr-emgav-gant-un-oberour-hag-ur-skeudennour-evit-ar-re-yaouank-eus-gmva","status":"publish","type":"news_bretagne","link":"https:\/\/tiarvro-bro-gwened.bzh\/br\/news_bretagne\/abadennou-e-brezhoneg-e-steunv-esteurel-ul-levr-emgav-gant-un-oberour-hag-ur-skeudennour-evit-ar-re-yaouank-eus-gmva\/","title":{"rendered":"Abadenno\u00f9 e brezhoneg e steu\u00f1v \u00ab Esteurel ul levr : emgav gant un oberour hag ur skeudennour evit ar re yaouank \u00bb eus GMVA"},"content":{"rendered":"<p style=\"text-align: center;\">Nevezenti ar bloaz-ma\u00f1 e steu\u00f1v<\/p>\n<p style=\"text-align: center;\"><strong>\u00ab Esteurel ul levr : emgav gant un oberour hag ur skeudennour evit ar re yaouank \u00bb<\/strong><br \/>\neus Mor Bihan Gwened Tolpad :<\/p>\n<p><img fetchpriority=\"high\" decoding=\"async\" class=\"aligncenter size-medium wp-image-3972\" src=\"https:\/\/tiarvro-bro-gwened.bzh\/wp-content\/uploads\/2020\/12\/IMG_20201130_143132-300x225.jpg\" alt=\"\" width=\"300\" height=\"225\" srcset=\"https:\/\/tiarvro-bro-gwened.bzh\/wp-content\/uploads\/2020\/12\/IMG_20201130_143132-300x225.jpg 300w, https:\/\/tiarvro-bro-gwened.bzh\/wp-content\/uploads\/2020\/12\/IMG_20201130_143132-768x576.jpg 768w, https:\/\/tiarvro-bro-gwened.bzh\/wp-content\/uploads\/2020\/12\/IMG_20201130_143132.jpg 907w\" sizes=\"(max-width: 300px) 100vw, 300px\" \/><\/p>\n<p style=\"text-align: center;\"><strong>ur pennad-hent e brezhoneg !<\/strong><\/p>\n<p>E kenlabour gant Ti ar Vro &#8211; Bro Gwened, ti sevenadur Breizh e Bro Gwened, ema\u00f1 Maryvonne Berthou deuet da vuhezi\u00f1 daou stal-c\u2019hoari, sonerezh ha brezhoneg e-leizh enno.<\/p>\n<p>Kenaozet eo an abadenn gant Mor Bihan Gwened Tolpad hag arc\u2019hantaouet ganto, e korf an obererezhio\u00f9 sevenadurel \u00ab D\u00e9clic \u00bb.<\/p>\n<p>Meur a abadenn a ya d\u2019ober ar steu\u00f1v \u00ab esteurel ul levr \u00bb : abadenno\u00f9 da anavezout un oberour pe un skeudennour, e ved, e zoare da labourat, e-kerz a bep seut emgavio\u00f9.<\/p>\n<p><img decoding=\"async\" class=\"alignleft size-medium wp-image-3970\" src=\"https:\/\/tiarvro-bro-gwened.bzh\/wp-content\/uploads\/2020\/12\/IMG_20201201_140008fcbk-300x225.png\" alt=\"\" width=\"300\" height=\"225\" srcset=\"https:\/\/tiarvro-bro-gwened.bzh\/wp-content\/uploads\/2020\/12\/IMG_20201201_140008fcbk-300x225.png 300w, https:\/\/tiarvro-bro-gwened.bzh\/wp-content\/uploads\/2020\/12\/IMG_20201201_140008fcbk-1024x768.png 1024w, https:\/\/tiarvro-bro-gwened.bzh\/wp-content\/uploads\/2020\/12\/IMG_20201201_140008fcbk-768x576.png 768w, https:\/\/tiarvro-bro-gwened.bzh\/wp-content\/uploads\/2020\/12\/IMG_20201201_140008fcbk-1536x1152.png 1536w, https:\/\/tiarvro-bro-gwened.bzh\/wp-content\/uploads\/2020\/12\/IMG_20201201_140008fcbk-2048x1536.png 2048w\" sizes=\"(max-width: 300px) 100vw, 300px\" \/>Ar bloaz-ma\u00f1, e vez lakaet ar re vihan war wel gant Maryvonne Berthou ; lakaet he deus anezho da vama\u00f1 gant he c\u2019hoari-gerio\u00f9 hag he rimadello\u00f9, evit skoazella\u00f1 anezho da vont e-barzh bed ar brezhoneg dre o daoulagad hag o divskouarn.<\/p>\n<p>Edukatourez, komedianez ha skolaerez eo bet Maryvonne Berthou, a-raok beza\u00f1 bet o labourat evel karget a embann e TES, Ti Embann ar Skolio\u00f9. Un ti-embann pedagogel publik eo TES. Ganta\u00f1 e vez savet hag embannet dafar evit an holl skolio\u00f9 brezhonek, publik, prevez katolik ha Diwan.<\/p>\n<p>&nbsp;<\/p>\n<p>164 bugel eus skolio\u00f9 An itron-Varia e Gregam, Julie Daubi\u00e9 e Sant-Teve, Santez Anna e Pleskob ha skol Diwan Gwened o deus kemeret perzh en abadenno\u00f9.<\/p>\n<p>Daou zevezh kinniget a-bell d\u2019an 23 ha 24 a viz Du, ha daou zevezh er skolio\u00f9 d\u2019an 30 a viz Du ha d\u2019ar 1\u00f1 a viz Kerzu.<\/p>\n<p>Studiet eo bet daou levr ganto en o c\u2019hlaso\u00f9 ha gant Maryvonne Berthou :<br \/>\n<em>\u201c1, 2, 3\u2026 Rimadello\u00f9 a ri !\u201d et \u201cRozenn ha Fa\u00f1ch al Laer\u201d <\/em>Hag un abadenn margodenno\u00f9 ouzhpenn.<\/p>\n<p><a href=\"http:\/\/www.declic-gmvagglo.fr\">www.declic-gmvagglo.fr<\/a><\/p>\n<p><img decoding=\"async\" class=\"aligncenter size-large wp-image-3976\" src=\"https:\/\/tiarvro-bro-gwened.bzh\/wp-content\/uploads\/2020\/12\/Skol-Julie-Daubie-Sant-Teve-1024x768.jpg\" alt=\"\" width=\"800\" height=\"600\" srcset=\"https:\/\/tiarvro-bro-gwened.bzh\/wp-content\/uploads\/2020\/12\/Skol-Julie-Daubie-Sant-Teve-1024x768.jpg 1024w, https:\/\/tiarvro-bro-gwened.bzh\/wp-content\/uploads\/2020\/12\/Skol-Julie-Daubie-Sant-Teve-300x225.jpg 300w, https:\/\/tiarvro-bro-gwened.bzh\/wp-content\/uploads\/2020\/12\/Skol-Julie-Daubie-Sant-Teve-768x576.jpg 768w, https:\/\/tiarvro-bro-gwened.bzh\/wp-content\/uploads\/2020\/12\/Skol-Julie-Daubie-Sant-Teve.jpg 1440w\" sizes=\"(max-width: 800px) 100vw, 800px\" \/><\/p>\n<p><img loading=\"lazy\" decoding=\"async\" class=\"aligncenter size-medium wp-image-373\" src=\"https:\/\/tiarvro-bro-gwened.bzh\/wp-content\/uploads\/2020\/04\/unnamed-300x212.jpg\" alt=\"Logo de Vannes agglom\u00e9ration - Golfe du Morbihan\" width=\"300\" height=\"212\" srcset=\"https:\/\/tiarvro-bro-gwened.bzh\/wp-content\/uploads\/2020\/04\/unnamed-300x212.jpg 300w, https:\/\/tiarvro-bro-gwened.bzh\/wp-content\/uploads\/2020\/04\/unnamed.jpg 512w\" sizes=\"(max-width: 300px) 100vw, 300px\" \/><\/p>\n","protected":false},"excerpt":{"rendered":"<p>ur pennad-hent e brezhoneg gant Maryvonne Berthou !<\/p>\n","protected":false},"featured_media":3969,"template":"","class_list":["post-3978","news_bretagne","type-news_bretagne","status-publish","has-post-thumbnail","hentry"],"acf":[],"yoast_head":"<!-- This site is optimized with the Yoast SEO plugin v26.9 - https:\/\/yoast.com\/product\/yoast-seo-wordpress\/ -->\n<title>Abadenno\u00f9 e brezhoneg e steu\u00f1v \u00ab Esteurel ul levr : emgav gant un oberour hag ur skeudennour evit ar re yaouank \u00bb eus GMVA - Ti ar Vro Bro Gwened<\/title>\n<meta name=\"description\" content=\"Trouvez des activit\u00e9s li\u00e9es \u00e0 la culture bretonne dans le Pays de Vannes: cours, conf\u00e9rences, concerts, expositions, d\u00e9couvertes...\" \/>\n<meta name=\"robots\" content=\"index, follow, max-snippet:-1, max-image-preview:large, max-video-preview:-1\" \/>\n<link rel=\"canonical\" href=\"https:\/\/tiarvro-bro-gwened.bzh\/br\/news_bretagne\/abadennou-e-brezhoneg-e-steunv-esteurel-ul-levr-emgav-gant-un-oberour-hag-ur-skeudennour-evit-ar-re-yaouank-eus-gmva\/\" \/>\n<meta property=\"og:locale\" content=\"en_US\" \/>\n<meta property=\"og:type\" content=\"article\" \/>\n<meta property=\"og:title\" content=\"Abadenno\u00f9 e brezhoneg e steu\u00f1v \u00ab Esteurel ul levr : emgav gant un oberour hag ur skeudennour evit ar re yaouank \u00bb eus GMVA - Ti ar Vro Bro Gwened\" \/>\n<meta property=\"og:description\" content=\"Trouvez des activit\u00e9s li\u00e9es \u00e0 la culture bretonne dans le Pays de Vannes: cours, conf\u00e9rences, concerts, expositions, d\u00e9couvertes...\" \/>\n<meta property=\"og:url\" content=\"https:\/\/tiarvro-bro-gwened.bzh\/br\/news_bretagne\/abadennou-e-brezhoneg-e-steunv-esteurel-ul-levr-emgav-gant-un-oberour-hag-ur-skeudennour-evit-ar-re-yaouank-eus-gmva\/\" \/>\n<meta property=\"og:site_name\" content=\"Ti ar Vro Bro Gwened\" \/>\n<meta property=\"og:image\" content=\"https:\/\/tiarvro-bro-gwened.bzh\/wp-content\/uploads\/2020\/12\/PASTILLE-DECLIC.png\" \/>\n\t<meta property=\"og:image:width\" content=\"227\" \/>\n\t<meta property=\"og:image:height\" content=\"227\" \/>\n\t<meta property=\"og:image:type\" content=\"image\/png\" \/>\n<meta name=\"twitter:card\" content=\"summary_large_image\" \/>\n<meta name=\"twitter:label1\" content=\"Est. reading time\" \/>\n\t<meta name=\"twitter:data1\" content=\"1 minute\" \/>\n<script type=\"application\/ld+json\" class=\"yoast-schema-graph\">{\"@context\":\"https:\/\/schema.org\",\"@graph\":[{\"@type\":\"WebPage\",\"@id\":\"https:\/\/tiarvro-bro-gwened.bzh\/br\/news_bretagne\/abadennou-e-brezhoneg-e-steunv-esteurel-ul-levr-emgav-gant-un-oberour-hag-ur-skeudennour-evit-ar-re-yaouank-eus-gmva\/\",\"url\":\"https:\/\/tiarvro-bro-gwened.bzh\/br\/news_bretagne\/abadennou-e-brezhoneg-e-steunv-esteurel-ul-levr-emgav-gant-un-oberour-hag-ur-skeudennour-evit-ar-re-yaouank-eus-gmva\/\",\"name\":\"Abadenno\u00f9 e brezhoneg e steu\u00f1v \u00ab Esteurel ul levr : emgav gant un oberour hag ur skeudennour evit ar re yaouank \u00bb eus GMVA - Ti ar Vro Bro Gwened\",\"isPartOf\":{\"@id\":\"https:\/\/tiarvro-bro-gwened.bzh\/br\/#website\"},\"primaryImageOfPage\":{\"@id\":\"https:\/\/tiarvro-bro-gwened.bzh\/br\/news_bretagne\/abadennou-e-brezhoneg-e-steunv-esteurel-ul-levr-emgav-gant-un-oberour-hag-ur-skeudennour-evit-ar-re-yaouank-eus-gmva\/#primaryimage\"},\"image\":{\"@id\":\"https:\/\/tiarvro-bro-gwened.bzh\/br\/news_bretagne\/abadennou-e-brezhoneg-e-steunv-esteurel-ul-levr-emgav-gant-un-oberour-hag-ur-skeudennour-evit-ar-re-yaouank-eus-gmva\/#primaryimage\"},\"thumbnailUrl\":\"https:\/\/tiarvro-bro-gwened.bzh\/wp-content\/uploads\/2020\/12\/PASTILLE-DECLIC.png\",\"datePublished\":\"2020-12-04T11:21:56+00:00\",\"description\":\"Trouvez des activit\u00e9s li\u00e9es \u00e0 la culture bretonne dans le Pays de Vannes: cours, conf\u00e9rences, concerts, expositions, d\u00e9couvertes...\",\"breadcrumb\":{\"@id\":\"https:\/\/tiarvro-bro-gwened.bzh\/br\/news_bretagne\/abadennou-e-brezhoneg-e-steunv-esteurel-ul-levr-emgav-gant-un-oberour-hag-ur-skeudennour-evit-ar-re-yaouank-eus-gmva\/#breadcrumb\"},\"inLanguage\":\"br-\",\"potentialAction\":[{\"@type\":\"ReadAction\",\"target\":[\"https:\/\/tiarvro-bro-gwened.bzh\/br\/news_bretagne\/abadennou-e-brezhoneg-e-steunv-esteurel-ul-levr-emgav-gant-un-oberour-hag-ur-skeudennour-evit-ar-re-yaouank-eus-gmva\/\"]}]},{\"@type\":\"ImageObject\",\"inLanguage\":\"br-\",\"@id\":\"https:\/\/tiarvro-bro-gwened.bzh\/br\/news_bretagne\/abadennou-e-brezhoneg-e-steunv-esteurel-ul-levr-emgav-gant-un-oberour-hag-ur-skeudennour-evit-ar-re-yaouank-eus-gmva\/#primaryimage\",\"url\":\"https:\/\/tiarvro-bro-gwened.bzh\/wp-content\/uploads\/2020\/12\/PASTILLE-DECLIC.png\",\"contentUrl\":\"https:\/\/tiarvro-bro-gwened.bzh\/wp-content\/uploads\/2020\/12\/PASTILLE-DECLIC.png\",\"width\":227,\"height\":227},{\"@type\":\"BreadcrumbList\",\"@id\":\"https:\/\/tiarvro-bro-gwened.bzh\/br\/news_bretagne\/abadennou-e-brezhoneg-e-steunv-esteurel-ul-levr-emgav-gant-un-oberour-hag-ur-skeudennour-evit-ar-re-yaouank-eus-gmva\/#breadcrumb\",\"itemListElement\":[{\"@type\":\"ListItem\",\"position\":1,\"name\":\"Degemer\",\"item\":\"https:\/\/tiarvro-bro-gwened.bzh\/br\/\"},{\"@type\":\"ListItem\",\"position\":2,\"name\":\"Keleier\",\"item\":\"https:\/\/tiarvro-bro-gwened.bzh\/br\/news_bretagne\/\"},{\"@type\":\"ListItem\",\"position\":3,\"name\":\"Abadenno\u00f9 e brezhoneg e steu\u00f1v \u00ab Esteurel ul levr : emgav gant un oberour hag ur skeudennour evit ar re yaouank \u00bb eus GMVA\"}]},{\"@type\":\"WebSite\",\"@id\":\"https:\/\/tiarvro-bro-gwened.bzh\/br\/#website\",\"url\":\"https:\/\/tiarvro-bro-gwened.bzh\/br\/\",\"name\":\"Ti ar Vro Bro Gwened\",\"description\":\"Entente du Pays de Vannes\",\"publisher\":{\"@id\":\"https:\/\/tiarvro-bro-gwened.bzh\/br\/#organization\"},\"potentialAction\":[{\"@type\":\"SearchAction\",\"target\":{\"@type\":\"EntryPoint\",\"urlTemplate\":\"https:\/\/tiarvro-bro-gwened.bzh\/br\/?s={search_term_string}\"},\"query-input\":{\"@type\":\"PropertyValueSpecification\",\"valueRequired\":true,\"valueName\":\"search_term_string\"}}],\"inLanguage\":\"br-\"},{\"@type\":\"Organization\",\"@id\":\"https:\/\/tiarvro-bro-gwened.bzh\/br\/#organization\",\"name\":\"Ti ar Vro Bro Gwened\",\"url\":\"https:\/\/tiarvro-bro-gwened.bzh\/br\/\",\"logo\":{\"@type\":\"ImageObject\",\"inLanguage\":\"br-\",\"@id\":\"https:\/\/tiarvro-bro-gwened.bzh\/br\/#\/schema\/logo\/image\/\",\"url\":\"https:\/\/tiarvro-bro-gwened.bzh\/wp-content\/uploads\/2020\/04\/cropped-LOGO-COULEUR-0200.png\",\"contentUrl\":\"https:\/\/tiarvro-bro-gwened.bzh\/wp-content\/uploads\/2020\/04\/cropped-LOGO-COULEUR-0200.png\",\"width\":199,\"height\":99,\"caption\":\"Ti ar Vro Bro Gwened\"},\"image\":{\"@id\":\"https:\/\/tiarvro-bro-gwened.bzh\/br\/#\/schema\/logo\/image\/\"}}]}<\/script>\n<!-- \/ Yoast SEO plugin. -->","yoast_head_json":{"title":"Abadenno\u00f9 e brezhoneg e steu\u00f1v \u00ab Esteurel ul levr : emgav gant un oberour hag ur skeudennour evit ar re yaouank \u00bb eus GMVA - Ti ar Vro Bro Gwened","description":"Trouvez des activit\u00e9s li\u00e9es \u00e0 la culture bretonne dans le Pays de Vannes: cours, conf\u00e9rences, concerts, expositions, d\u00e9couvertes...","robots":{"index":"index","follow":"follow","max-snippet":"max-snippet:-1","max-image-preview":"max-image-preview:large","max-video-preview":"max-video-preview:-1"},"canonical":"https:\/\/tiarvro-bro-gwened.bzh\/br\/news_bretagne\/abadennou-e-brezhoneg-e-steunv-esteurel-ul-levr-emgav-gant-un-oberour-hag-ur-skeudennour-evit-ar-re-yaouank-eus-gmva\/","og_locale":"en_US","og_type":"article","og_title":"Abadenno\u00f9 e brezhoneg e steu\u00f1v \u00ab Esteurel ul levr : emgav gant un oberour hag ur skeudennour evit ar re yaouank \u00bb eus GMVA - Ti ar Vro Bro Gwened","og_description":"Trouvez des activit\u00e9s li\u00e9es \u00e0 la culture bretonne dans le Pays de Vannes: cours, conf\u00e9rences, concerts, expositions, d\u00e9couvertes...","og_url":"https:\/\/tiarvro-bro-gwened.bzh\/br\/news_bretagne\/abadennou-e-brezhoneg-e-steunv-esteurel-ul-levr-emgav-gant-un-oberour-hag-ur-skeudennour-evit-ar-re-yaouank-eus-gmva\/","og_site_name":"Ti ar Vro Bro Gwened","og_image":[{"width":227,"height":227,"url":"https:\/\/tiarvro-bro-gwened.bzh\/wp-content\/uploads\/2020\/12\/PASTILLE-DECLIC.png","type":"image\/png"}],"twitter_card":"summary_large_image","twitter_misc":{"Est. reading time":"1 minute"},"schema":{"@context":"https:\/\/schema.org","@graph":[{"@type":"WebPage","@id":"https:\/\/tiarvro-bro-gwened.bzh\/br\/news_bretagne\/abadennou-e-brezhoneg-e-steunv-esteurel-ul-levr-emgav-gant-un-oberour-hag-ur-skeudennour-evit-ar-re-yaouank-eus-gmva\/","url":"https:\/\/tiarvro-bro-gwened.bzh\/br\/news_bretagne\/abadennou-e-brezhoneg-e-steunv-esteurel-ul-levr-emgav-gant-un-oberour-hag-ur-skeudennour-evit-ar-re-yaouank-eus-gmva\/","name":"Abadenno\u00f9 e brezhoneg e steu\u00f1v \u00ab Esteurel ul levr : emgav gant un oberour hag ur skeudennour evit ar re yaouank \u00bb eus GMVA - Ti ar Vro Bro Gwened","isPartOf":{"@id":"https:\/\/tiarvro-bro-gwened.bzh\/br\/#website"},"primaryImageOfPage":{"@id":"https:\/\/tiarvro-bro-gwened.bzh\/br\/news_bretagne\/abadennou-e-brezhoneg-e-steunv-esteurel-ul-levr-emgav-gant-un-oberour-hag-ur-skeudennour-evit-ar-re-yaouank-eus-gmva\/#primaryimage"},"image":{"@id":"https:\/\/tiarvro-bro-gwened.bzh\/br\/news_bretagne\/abadennou-e-brezhoneg-e-steunv-esteurel-ul-levr-emgav-gant-un-oberour-hag-ur-skeudennour-evit-ar-re-yaouank-eus-gmva\/#primaryimage"},"thumbnailUrl":"https:\/\/tiarvro-bro-gwened.bzh\/wp-content\/uploads\/2020\/12\/PASTILLE-DECLIC.png","datePublished":"2020-12-04T11:21:56+00:00","description":"Trouvez des activit\u00e9s li\u00e9es \u00e0 la culture bretonne dans le Pays de Vannes: cours, conf\u00e9rences, concerts, expositions, d\u00e9couvertes...","breadcrumb":{"@id":"https:\/\/tiarvro-bro-gwened.bzh\/br\/news_bretagne\/abadennou-e-brezhoneg-e-steunv-esteurel-ul-levr-emgav-gant-un-oberour-hag-ur-skeudennour-evit-ar-re-yaouank-eus-gmva\/#breadcrumb"},"inLanguage":"br-","potentialAction":[{"@type":"ReadAction","target":["https:\/\/tiarvro-bro-gwened.bzh\/br\/news_bretagne\/abadennou-e-brezhoneg-e-steunv-esteurel-ul-levr-emgav-gant-un-oberour-hag-ur-skeudennour-evit-ar-re-yaouank-eus-gmva\/"]}]},{"@type":"ImageObject","inLanguage":"br-","@id":"https:\/\/tiarvro-bro-gwened.bzh\/br\/news_bretagne\/abadennou-e-brezhoneg-e-steunv-esteurel-ul-levr-emgav-gant-un-oberour-hag-ur-skeudennour-evit-ar-re-yaouank-eus-gmva\/#primaryimage","url":"https:\/\/tiarvro-bro-gwened.bzh\/wp-content\/uploads\/2020\/12\/PASTILLE-DECLIC.png","contentUrl":"https:\/\/tiarvro-bro-gwened.bzh\/wp-content\/uploads\/2020\/12\/PASTILLE-DECLIC.png","width":227,"height":227},{"@type":"BreadcrumbList","@id":"https:\/\/tiarvro-bro-gwened.bzh\/br\/news_bretagne\/abadennou-e-brezhoneg-e-steunv-esteurel-ul-levr-emgav-gant-un-oberour-hag-ur-skeudennour-evit-ar-re-yaouank-eus-gmva\/#breadcrumb","itemListElement":[{"@type":"ListItem","position":1,"name":"Degemer","item":"https:\/\/tiarvro-bro-gwened.bzh\/br\/"},{"@type":"ListItem","position":2,"name":"Keleier","item":"https:\/\/tiarvro-bro-gwened.bzh\/br\/news_bretagne\/"},{"@type":"ListItem","position":3,"name":"Abadenno\u00f9 e brezhoneg e steu\u00f1v \u00ab Esteurel ul levr : emgav gant un oberour hag ur skeudennour evit ar re yaouank \u00bb eus GMVA"}]},{"@type":"WebSite","@id":"https:\/\/tiarvro-bro-gwened.bzh\/br\/#website","url":"https:\/\/tiarvro-bro-gwened.bzh\/br\/","name":"Ti ar Vro Bro Gwened","description":"Entente du Pays de Vannes","publisher":{"@id":"https:\/\/tiarvro-bro-gwened.bzh\/br\/#organization"},"potentialAction":[{"@type":"SearchAction","target":{"@type":"EntryPoint","urlTemplate":"https:\/\/tiarvro-bro-gwened.bzh\/br\/?s={search_term_string}"},"query-input":{"@type":"PropertyValueSpecification","valueRequired":true,"valueName":"search_term_string"}}],"inLanguage":"br-"},{"@type":"Organization","@id":"https:\/\/tiarvro-bro-gwened.bzh\/br\/#organization","name":"Ti ar Vro Bro Gwened","url":"https:\/\/tiarvro-bro-gwened.bzh\/br\/","logo":{"@type":"ImageObject","inLanguage":"br-","@id":"https:\/\/tiarvro-bro-gwened.bzh\/br\/#\/schema\/logo\/image\/","url":"https:\/\/tiarvro-bro-gwened.bzh\/wp-content\/uploads\/2020\/04\/cropped-LOGO-COULEUR-0200.png","contentUrl":"https:\/\/tiarvro-bro-gwened.bzh\/wp-content\/uploads\/2020\/04\/cropped-LOGO-COULEUR-0200.png","width":199,"height":99,"caption":"Ti ar Vro Bro Gwened"},"image":{"@id":"https:\/\/tiarvro-bro-gwened.bzh\/br\/#\/schema\/logo\/image\/"}}]}},"_links":{"self":[{"href":"https:\/\/tiarvro-bro-gwened.bzh\/br\/wp-json\/wp\/v2\/news_bretagne\/3978","targetHints":{"allow":["GET"]}}],"collection":[{"href":"https:\/\/tiarvro-bro-gwened.bzh\/br\/wp-json\/wp\/v2\/news_bretagne"}],"about":[{"href":"https:\/\/tiarvro-bro-gwened.bzh\/br\/wp-json\/wp\/v2\/types\/news_bretagne"}],"wp:featuredmedia":[{"embeddable":true,"href":"https:\/\/tiarvro-bro-gwened.bzh\/br\/wp-json\/wp\/v2\/media\/3969"}],"wp:attachment":[{"href":"https:\/\/tiarvro-bro-gwened.bzh\/br\/wp-json\/wp\/v2\/media?parent=3978"}],"curies":[{"name":"wp","href":"https:\/\/api.w.org\/{rel}","templated":true}]}}